{"id":24104,"date":"2021-02-27T07:54:41","date_gmt":"2021-02-27T13:54:41","guid":{"rendered":"http:\/\/www.zonaroja.com.mx\/?p=24104"},"modified":"2021-02-27T07:54:46","modified_gmt":"2021-02-27T13:54:46","slug":"detiene-policia-estatal-a-tres-presuntos-narcomenudistas-en-tuxtepec","status":"publish","type":"post","link":"https:\/\/zonaroja.com.mx\/?p=24104","title":{"rendered":"Detiene Polic\u00eda Estatal a tres presuntos narcomenudistas en Tuxtepec"},"content":{"rendered":"\n<p>Redacci\u00f3n\/Zona Roja.<\/p>\n\n\n\n<p>Oaxaca de Ju\u00e1rez, Oax., 27 de febrero de 2021.- Tres personas presuntamente ligadas a actividades del narcotr\u00e1fico, fueron detenidas personal de la Polic\u00eda Estatal, adscrita a la Secretar\u00eda de Seguridad P\u00fablica de Oaxaca (SSPO), en San Juan Bautista Tuxtepec.<\/p>\n\n\n\n<p>De acuerdo con reportes policiacos, los detenidos responden a los nombres de, Iv\u00e1n \u00abNN\u00bb alias \u00abEl Chevy\u201d; Jhonatan \u00abNN\u00bb alias \u201cEl Yeyo\u201d y C\u00e9sar \u00abNN\u00bb alias \u00abEl Cacharra\u201d, presuntos integrantes del Cartel Jalisco Nueva Generaci\u00f3n (CJNG).<\/p>\n\n\n\n<p>Durante el operativo les fue asegurado un cuadro envuelto en cinta adhesiva transparente, con un peso aproximado dos kilos con 700 gramos y 31 bolsitas de nylon transparente, mismos que conten\u00edan en su interior hierba verde y seca con caracter\u00edsticas propias a la marihuana; as\u00ed como, tres celulares de diferentes marcas.<\/p>\n\n\n\n<p>De igual forma, un veh\u00edculo de la marca Chevrolet, color gris, con placas de circulaci\u00f3n del estado de Veracruz.<\/p>\n\n\n\n<p>Los personas detenidas y lo decomisado fueron puestos a disposici\u00f3n de la Fiscal\u00eda Especializada de Delitos de Alto Impacto de Tuxtepec, quien determinar\u00e1 su situaci\u00f3n jur\u00eddica.<\/p>\n","protected":false},"excerpt":{"rendered":"<p>Redacci\u00f3n\/Zona Roja. Oaxaca de Ju\u00e1rez, Oax., 27 de febrero de 2021.- Tres personas presuntamente ligadas&hellip;<\/p>\n","protected":false},"author":2,"featured_media":24105,"comment_status":"closed","ping_status":"open","sticky":false,"template":"","format":"standard","meta":{"_lmt_disableupdate":"","_lmt_disable":"","_jetpack_memberships_contains_paid_content":false,"footnotes":""},"categories":[109,47],"tags":[175],"class_list":["post-24104","post","type-post","status-publish","format-standard","has-post-thumbnail","hentry","category-minuto-a-minuto","category-zona-gris","tag-secretaria-de-seguridad-publica-de-oaxaca"],"jetpack_featured_media_url":"https:\/\/zonaroja.com.mx\/wp-content\/uploads\/2021\/02\/Detenidos-Tuxtepec.png","jetpack_sharing_enabled":true,"_links":{"self":[{"href":"https:\/\/zonaroja.com.mx\/index.php?rest_route=\/wp\/v2\/posts\/24104","targetHints":{"allow":["GET"]}}],"collection":[{"href":"https:\/\/zonaroja.com.mx\/index.php?rest_route=\/wp\/v2\/posts"}],"about":[{"href":"https:\/\/zonaroja.com.mx\/index.php?rest_route=\/wp\/v2\/types\/post"}],"author":[{"embeddable":true,"href":"https:\/\/zonaroja.com.mx\/index.php?rest_route=\/wp\/v2\/users\/2"}],"replies":[{"embeddable":true,"href":"https:\/\/zonaroja.com.mx\/index.php?rest_route=%2Fwp%2Fv2%2Fcomments&post=24104"}],"version-history":[{"count":1,"href":"https:\/\/zonaroja.com.mx\/index.php?rest_route=\/wp\/v2\/posts\/24104\/revisions"}],"predecessor-version":[{"id":24106,"href":"https:\/\/zonaroja.com.mx\/index.php?rest_route=\/wp\/v2\/posts\/24104\/revisions\/24106"}],"wp:featuredmedia":[{"embeddable":true,"href":"https:\/\/zonaroja.com.mx\/index.php?rest_route=\/wp\/v2\/media\/24105"}],"wp:attachment":[{"href":"https:\/\/zonaroja.com.mx\/index.php?rest_route=%2Fwp%2Fv2%2Fmedia&parent=24104"}],"wp:term":[{"taxonomy":"category","embeddable":true,"href":"https:\/\/zonaroja.com.mx\/index.php?rest_route=%2Fwp%2Fv2%2Fcategories&post=24104"},{"taxonomy":"post_tag","embeddable":true,"href":"https:\/\/zonaroja.com.mx\/index.php?rest_route=%2Fwp%2Fv2%2Ftags&post=24104"}],"curies":[{"name":"wp","href":"https:\/\/api.w.org\/{rel}","templated":true}]}}