{"id":24116,"date":"2021-02-27T15:26:33","date_gmt":"2021-02-27T21:26:33","guid":{"rendered":"http:\/\/www.zonaroja.com.mx\/?p=24116"},"modified":"2021-02-27T15:51:26","modified_gmt":"2021-02-27T21:51:26","slug":"detienen-a-quien-funcionario-con-gabino-cue-por-presunto-fraude-al-erario","status":"publish","type":"post","link":"https:\/\/zonaroja.com.mx\/?p=24116","title":{"rendered":"Detienen a quien fue funcionario con Gabino Cu\u00e9, por presunto fraude al erario"},"content":{"rendered":"\n<p>Redacci\u00f3n\/Zona Roja.<\/p>\n\n\n\n<p>Oaxaca de Ju\u00e1rez, Oax., 27 de febrero de 2021.- Por presunto da\u00f1o al erario, este viernes fue detenido Francisco F. M., quien fuera jefe de Departamento de Participaciones Municipales de la Secretar\u00eda de Finanzas, en el sexenio de Gabino Cu\u00e9 Monteagudo.<\/p>\n\n\n\n<p>La orden de aprehensi\u00f3n fue a solicitud de la Fiscal\u00eda Anticorrupci\u00f3n de Oaxaca y fue ejecutada ayer por la ma\u00f1ana en contra del citado individuo, sobre el bulevar Guadalupe Hinojosa esquina Hornos, en el municipio de Santa Cruz Xoxocotl\u00e1n.<\/p>\n\n\n\n<p>De acuerdo con los datos proporcionados, durante la administraci\u00f3n 2011-2013, junto con el ex s\u00edndico Procurador, el ex regidor de Hacienda y el ex Tesorero de San Lorenzo, Jamiltepec, municipio de la regi\u00f3n la Costa, causaron un detrimento al erario p\u00fablico de al menos dos millones 865 mil pesos.<\/p>\n\n\n\n<p>El detenido fue puesto a disposici\u00f3n de Juez Mixto de Primera Instancia para que se resuelva su situaci\u00f3n jur\u00eddica y fue trasladado a la Costa con el juez que lo requiri\u00f3.<\/p>\n","protected":false},"excerpt":{"rendered":"<p>Redacci\u00f3n\/Zona Roja. Oaxaca de Ju\u00e1rez, Oax., 27 de febrero de 2021.- Por presunto da\u00f1o al&hellip;<\/p>\n","protected":false},"author":2,"featured_media":24117,"comment_status":"closed","ping_status":"open","sticky":false,"template":"","format":"standard","meta":{"_lmt_disableupdate":"","_lmt_disable":"","_jetpack_memberships_contains_paid_content":false,"footnotes":""},"categories":[109,47],"tags":[2491],"class_list":["post-24116","post","type-post","status-publish","format-standard","has-post-thumbnail","hentry","category-minuto-a-minuto","category-zona-gris","tag-francisco-f-m"],"jetpack_featured_media_url":"https:\/\/zonaroja.com.mx\/wp-content\/uploads\/2021\/02\/Detenido-ex-funcionario-de-Finanzas.png","jetpack_sharing_enabled":true,"_links":{"self":[{"href":"https:\/\/zonaroja.com.mx\/index.php?rest_route=\/wp\/v2\/posts\/24116","targetHints":{"allow":["GET"]}}],"collection":[{"href":"https:\/\/zonaroja.com.mx\/index.php?rest_route=\/wp\/v2\/posts"}],"about":[{"href":"https:\/\/zonaroja.com.mx\/index.php?rest_route=\/wp\/v2\/types\/post"}],"author":[{"embeddable":true,"href":"https:\/\/zonaroja.com.mx\/index.php?rest_route=\/wp\/v2\/users\/2"}],"replies":[{"embeddable":true,"href":"https:\/\/zonaroja.com.mx\/index.php?rest_route=%2Fwp%2Fv2%2Fcomments&post=24116"}],"version-history":[{"count":2,"href":"https:\/\/zonaroja.com.mx\/index.php?rest_route=\/wp\/v2\/posts\/24116\/revisions"}],"predecessor-version":[{"id":24126,"href":"https:\/\/zonaroja.com.mx\/index.php?rest_route=\/wp\/v2\/posts\/24116\/revisions\/24126"}],"wp:featuredmedia":[{"embeddable":true,"href":"https:\/\/zonaroja.com.mx\/index.php?rest_route=\/wp\/v2\/media\/24117"}],"wp:attachment":[{"href":"https:\/\/zonaroja.com.mx\/index.php?rest_route=%2Fwp%2Fv2%2Fmedia&parent=24116"}],"wp:term":[{"taxonomy":"category","embeddable":true,"href":"https:\/\/zonaroja.com.mx\/index.php?rest_route=%2Fwp%2Fv2%2Fcategories&post=24116"},{"taxonomy":"post_tag","embeddable":true,"href":"https:\/\/zonaroja.com.mx\/index.php?rest_route=%2Fwp%2Fv2%2Ftags&post=24116"}],"curies":[{"name":"wp","href":"https:\/\/api.w.org\/{rel}","templated":true}]}}