{"id":24119,"date":"2021-02-27T15:38:06","date_gmt":"2021-02-27T21:38:06","guid":{"rendered":"http:\/\/www.zonaroja.com.mx\/?p=24119"},"modified":"2021-02-27T15:38:10","modified_gmt":"2021-02-27T21:38:10","slug":"el-fiscal-se-cree-dueno-de-oaxaca-y-de-la-fiscalia-es-opaco-negligente-e-irresponsable","status":"publish","type":"post","link":"https:\/\/zonaroja.com.mx\/?p=24119","title":{"rendered":"\u201cEl fiscal se cree due\u00f1o de Oaxaca y de la Fiscal\u00eda, es opaco, negligente e irresponsable\u201d."},"content":{"rendered":"\n<p>Yuridiana Sosa\/Zona Roja.<\/p>\n\n\n\n<p>Oaxaca de Ju\u00e1rez, Oax., 27 de febrero de 2021.- Ante el pleno de la 64 Legislatura de Oaxaca, el diputado del Partido Revolucionario Institucional (PRI), Gustavo D\u00edaz S\u00e1nchez, demand\u00f3 a la Junta de Coordinaci\u00f3n Pol\u00edtica emitir un llamado al titular de la Fiscal\u00eda General del Estado de Oaxaca (FGO), Rub\u00e9n Vasconcelos M\u00e9ndez, por irresponsable con la justicia en la entidad.<\/p>\n\n\n\n<p>En sesi\u00f3n ordinaria del pasado mi\u00e9rcoles, el legislador expuso que el \u201ccalvario\u201d que la ciudadan\u00eda padece para realizar diversos tr\u00e1mites ante la Fiscal\u00eda de Oaxaca son producto del nepotismo, opacidad e irresponsabilidad del titular para poner orden en las distintas \u00e1reas.<\/p>\n\n\n\n<p>\u201cEl fiscal ni un mensaje contesta, no toma las llamadas, hay un desastre en Oaxaca el se\u00f1or no se toma la molestia para atender una denuncia\u201d, se\u00f1al\u00f3 el diputado local.<\/p>\n\n\n\n<p>Pero, adem\u00e1s, asever\u00f3, \u201ces opaco, negativo, negligente e irresponsable. Y cuando le exiges, dice que te va a procesar. Exigimos que haga su trabajo\u201d.<\/p>\n\n\n\n<figure class=\"wp-block-embed-twitter wp-block-embed is-type-rich is-provider-twitter\"><div class=\"wp-block-embed__wrapper\">\n<div class=\"twitter-tweet\"><blockquote class=\"twitter-tweet\" data-lang=\"es\"><p lang=\"es\" dir=\"ltr\">\u201cEl Fiscal (<a href=\"https:\/\/twitter.com\/RVasconcelosM?ref_src=twsrc%5Etfw\">@RVasconcelosM<\/a>) se cree due\u00f1o de Oaxaca y la fiscal\u00eda, es opaco, negligente e irresponsable\u201d, acus\u00f3 el diputado por el PRI, <a href=\"https:\/\/twitter.com\/Gustavo_DiazS?ref_src=twsrc%5Etfw\">@Gustavo_DiazS<\/a>, en la sesi\u00f3n ordinaria del Congreso del Estado, celebrada de manera virtual el pasado mi\u00e9rcoles. <a href=\"https:\/\/t.co\/0ib7bqBgUL\">pic.twitter.com\/0ib7bqBgUL<\/a><\/p>&mdash; Zona Roja Oaxaca (@Zona_Roja_Oax) <a href=\"https:\/\/twitter.com\/Zona_Roja_Oax\/status\/1365755729953628160?ref_src=twsrc%5Etfw\">27 de febrero de 2021<\/a><\/blockquote><\/div>\n<\/div><\/figure>\n\n\n\n<p>La falta de responsabilidad del titular de la Fiscal\u00eda, dijo, se refleja en Cosolapa, municipio de la Cuenca, donde asegur\u00f3 que desde hace dos meses el vicefiscal muri\u00f3 de Covid-19 y hasta la fecha no han nombrado a un nuevo titular del \u00e1rea.<\/p>\n\n\n\n<p>Gustavo D\u00edaz S\u00e1nchez expuso su inconformidad en medio de la presentaci\u00f3n de su iniciativa para adicionar un p\u00e1rrafo al art\u00edculo 19 de la Ley de Encierro y Dep\u00f3sitos de Veh\u00edculos para el Estado de Oaxaca.<\/p>\n\n\n\n<p>La propuesta establece que los ciudadanos v\u00edctimas de robo, queden exentos del pago para liberar su unidad depositada en uno de los corralones luego de ser recuperada por las autoridades.<\/p>\n\n\n\n<p>Pues hasta el momento, conseguir la orden de liberaci\u00f3n \u201ces un calvario\u201d acompa\u00f1ado de nepotismo, robo, irresponsabilidad y agravio a los ciudadanos, m\u00e1s a\u00fan cuando ya fueron v\u00edctimas de un delito.<\/p>\n","protected":false},"excerpt":{"rendered":"<p>Yuridiana Sosa\/Zona Roja. Oaxaca de Ju\u00e1rez, Oax., 27 de febrero de 2021.- Ante el pleno&hellip;<\/p>\n","protected":false},"author":2,"featured_media":24120,"comment_status":"closed","ping_status":"open","sticky":false,"template":"","format":"standard","meta":{"_lmt_disableupdate":"","_lmt_disable":"","_jetpack_memberships_contains_paid_content":false,"footnotes":""},"categories":[109,47],"tags":[671],"class_list":["post-24119","post","type-post","status-publish","format-standard","has-post-thumbnail","hentry","category-minuto-a-minuto","category-zona-gris","tag-gustavo-diaz-sanchez"],"jetpack_featured_media_url":"https:\/\/zonaroja.com.mx\/wp-content\/uploads\/2021\/02\/Gustavo-Diaz-Sanchez.jpg","jetpack_sharing_enabled":true,"_links":{"self":[{"href":"https:\/\/zonaroja.com.mx\/index.php?rest_route=\/wp\/v2\/posts\/24119","targetHints":{"allow":["GET"]}}],"collection":[{"href":"https:\/\/zonaroja.com.mx\/index.php?rest_route=\/wp\/v2\/posts"}],"about":[{"href":"https:\/\/zonaroja.com.mx\/index.php?rest_route=\/wp\/v2\/types\/post"}],"author":[{"embeddable":true,"href":"https:\/\/zonaroja.com.mx\/index.php?rest_route=\/wp\/v2\/users\/2"}],"replies":[{"embeddable":true,"href":"https:\/\/zonaroja.com.mx\/index.php?rest_route=%2Fwp%2Fv2%2Fcomments&post=24119"}],"version-history":[{"count":1,"href":"https:\/\/zonaroja.com.mx\/index.php?rest_route=\/wp\/v2\/posts\/24119\/revisions"}],"predecessor-version":[{"id":24121,"href":"https:\/\/zonaroja.com.mx\/index.php?rest_route=\/wp\/v2\/posts\/24119\/revisions\/24121"}],"wp:featuredmedia":[{"embeddable":true,"href":"https:\/\/zonaroja.com.mx\/index.php?rest_route=\/wp\/v2\/media\/24120"}],"wp:attachment":[{"href":"https:\/\/zonaroja.com.mx\/index.php?rest_route=%2Fwp%2Fv2%2Fmedia&parent=24119"}],"wp:term":[{"taxonomy":"category","embeddable":true,"href":"https:\/\/zonaroja.com.mx\/index.php?rest_route=%2Fwp%2Fv2%2Fcategories&post=24119"},{"taxonomy":"post_tag","embeddable":true,"href":"https:\/\/zonaroja.com.mx\/index.php?rest_route=%2Fwp%2Fv2%2Ftags&post=24119"}],"curies":[{"name":"wp","href":"https:\/\/api.w.org\/{rel}","templated":true}]}}