{"id":24122,"date":"2021-02-27T15:48:11","date_gmt":"2021-02-27T21:48:11","guid":{"rendered":"http:\/\/www.zonaroja.com.mx\/?p=24122"},"modified":"2021-02-27T15:48:15","modified_gmt":"2021-02-27T21:48:15","slug":"diputado-arsenio-mejia-emula-a-huachicolero-poblano-y-regala-verduras","status":"publish","type":"post","link":"https:\/\/zonaroja.com.mx\/?p=24122","title":{"rendered":"Diputado Arsenio Mej\u00eda emula a \u201chuachicolero\u201d poblano y regala verduras"},"content":{"rendered":"\n<p>Yuridiana Sosa\/Zona Roja.<\/p>\n\n\n\n<p>Oaxaca de Ju\u00e1rez, Oax., 27 de febrero de 2021.- El presidente de la Mesa Directiva en la 64 Legislatura de Oaxaca, Arsenio Lorenzo Mejia Garc\u00eda, convoc\u00f3 de manera masiva a las madres de familia de Santiago Juxtlahuaca para regalar verduras, pero en la actividad falt\u00f3 disciplina para mantener la sana distancia ante la aglomeraci\u00f3n de personas.<\/p>\n\n\n\n<p>El legislador del Partido Encuentro Social (PES) es aspirante a la candidatura para la presidencia municipal de Juxtlahuaca, municipio que actualmente es gobernador por el Partido Morena.<\/p>\n\n\n\n<p>En r\u00e9plica a la acci\u00f3n que productores de Puebla realizaron en los Valles Centrales y la Cuenca &#8211;liderados por Antonio Mart\u00ednez Fuentes, presunto \u201chuachicolero\u201d&#8211; Mej\u00eda Garc\u00eda llev\u00f3 a cabo esa actividad este s\u00e1bado en Juxtlahuaca, afuera de su casa de gesti\u00f3n en la colonia Soledad.<\/p>\n\n\n\n<p>El actual presidente de la Mesa Directiva presumi\u00f3 y difundi\u00f3 la acci\u00f3n en sus redes sociales, donde se exhibe entregando las verduras a la poblaci\u00f3n y la cero sana distancia entre las personas beneficiadas, muchas de las cuales no portaban cubrebocas, a pesar que se trat\u00f3 de aplicar un filtro para delimitar el ingreso al \u00e1rea de entrega.<\/p>\n\n\n\n<p>La convocatoria se difundi\u00f3 en medios de comunicaci\u00f3n y en audioparlantes para que las amas de casa acudieran por la dotaci\u00f3n de \u201cuna canasta b\u00e1sica de verduras\u201d, a partir de las 10:00 horas de este 27 de febrero.\u00a0\u00a0<\/p>\n\n\n\n<p>Antes que los poblanos llevaran a cabo esa actividad en Oaxaca, ning\u00fan pol\u00edtico hab\u00eda realizado una acci\u00f3n de ese tipo.<\/p>\n\n\n\n<figure class=\"wp-block-image size-large\"><img decoding=\"async\" width=\"766\" height=\"1024\" src=\"http:\/\/www.zonaroja.com.mx\/wp-content\/uploads\/2021\/02\/Arsenio-Mejia-1-766x1024.jpg\" alt=\"\" class=\"wp-image-24124\" srcset=\"https:\/\/zonaroja.com.mx\/wp-content\/uploads\/2021\/02\/Arsenio-Mejia-1-766x1024.jpg 766w, https:\/\/zonaroja.com.mx\/wp-content\/uploads\/2021\/02\/Arsenio-Mejia-1-225x300.jpg 225w, https:\/\/zonaroja.com.mx\/wp-content\/uploads\/2021\/02\/Arsenio-Mejia-1-768x1026.jpg 768w, https:\/\/zonaroja.com.mx\/wp-content\/uploads\/2021\/02\/Arsenio-Mejia-1-585x782.jpg 585w, https:\/\/zonaroja.com.mx\/wp-content\/uploads\/2021\/02\/Arsenio-Mejia-1.jpg 958w\" sizes=\"(max-width: 766px) 100vw, 766px\" \/><\/figure>\n","protected":false},"excerpt":{"rendered":"<p>Yuridiana Sosa\/Zona Roja. Oaxaca de Ju\u00e1rez, Oax., 27 de febrero de 2021.- El presidente de&hellip;<\/p>\n","protected":false},"author":2,"featured_media":24123,"comment_status":"closed","ping_status":"open","sticky":false,"template":"","format":"standard","meta":{"_lmt_disableupdate":"","_lmt_disable":"","_jetpack_memberships_contains_paid_content":false,"footnotes":""},"categories":[109,47],"tags":[2492],"class_list":["post-24122","post","type-post","status-publish","format-standard","has-post-thumbnail","hentry","category-minuto-a-minuto","category-zona-gris","tag-arsenio-mejia-garcia"],"jetpack_featured_media_url":"https:\/\/zonaroja.com.mx\/wp-content\/uploads\/2021\/02\/Arsenio-Mejia-Garcia.jpg","jetpack_sharing_enabled":true,"_links":{"self":[{"href":"https:\/\/zonaroja.com.mx\/index.php?rest_route=\/wp\/v2\/posts\/24122","targetHints":{"allow":["GET"]}}],"collection":[{"href":"https:\/\/zonaroja.com.mx\/index.php?rest_route=\/wp\/v2\/posts"}],"about":[{"href":"https:\/\/zonaroja.com.mx\/index.php?rest_route=\/wp\/v2\/types\/post"}],"author":[{"embeddable":true,"href":"https:\/\/zonaroja.com.mx\/index.php?rest_route=\/wp\/v2\/users\/2"}],"replies":[{"embeddable":true,"href":"https:\/\/zonaroja.com.mx\/index.php?rest_route=%2Fwp%2Fv2%2Fcomments&post=24122"}],"version-history":[{"count":1,"href":"https:\/\/zonaroja.com.mx\/index.php?rest_route=\/wp\/v2\/posts\/24122\/revisions"}],"predecessor-version":[{"id":24125,"href":"https:\/\/zonaroja.com.mx\/index.php?rest_route=\/wp\/v2\/posts\/24122\/revisions\/24125"}],"wp:featuredmedia":[{"embeddable":true,"href":"https:\/\/zonaroja.com.mx\/index.php?rest_route=\/wp\/v2\/media\/24123"}],"wp:attachment":[{"href":"https:\/\/zonaroja.com.mx\/index.php?rest_route=%2Fwp%2Fv2%2Fmedia&parent=24122"}],"wp:term":[{"taxonomy":"category","embeddable":true,"href":"https:\/\/zonaroja.com.mx\/index.php?rest_route=%2Fwp%2Fv2%2Fcategories&post=24122"},{"taxonomy":"post_tag","embeddable":true,"href":"https:\/\/zonaroja.com.mx\/index.php?rest_route=%2Fwp%2Fv2%2Ftags&post=24122"}],"curies":[{"name":"wp","href":"https:\/\/api.w.org\/{rel}","templated":true}]}}