{"id":24127,"date":"2021-02-28T07:35:00","date_gmt":"2021-02-28T13:35:00","guid":{"rendered":"http:\/\/www.zonaroja.com.mx\/?p=24127"},"modified":"2021-02-27T19:37:24","modified_gmt":"2021-02-28T01:37:24","slug":"iniciara-en-oaxaca-diplomado-de-especializacion-en-justicia-laboral","status":"publish","type":"post","link":"https:\/\/zonaroja.com.mx\/?p=24127","title":{"rendered":"Iniciar\u00e1 en Oaxaca diplomado de especializaci\u00f3n en justicia laboral"},"content":{"rendered":"\n<p>Redacci\u00f3n\/Zona Roja.<\/p>\n\n\n\n<p>Oaxaca de Ju\u00e1rez, Oax., 28 de febrero de 2021.- Los poderes Ejecutivo y Judicial del Estado de Oaxaca convocan al Diplomado de Especializaci\u00f3n sobre la Reforma en materia de Justicia Laboral, a iniciar el pr\u00f3ximo 5 de marzo y que culmina el 24 de julio.<\/p>\n\n\n\n<p>Los participantes formar\u00e1n parte del proceso de selecci\u00f3n para acceder a las categor\u00edas del \u00f3rgano jurisdiccional especializado en la materia y las del Centro de Conciliaci\u00f3n Estatal.<\/p>\n\n\n\n<p>Al formalizar la firma de la convocatoria respectiva el magistrado Eduardo Pinacho S\u00e1nchez; el consejero jur\u00eddico del Gobierno del Estado, Jos\u00e9 Octavio Tinajero Zenil, y el presidente de la Junta Local de Conciliaci\u00f3n y Arbitraje del Estado, V\u00edctor Alberto Quiroz Arellanes, reiteraron su disposici\u00f3n de continuar trabajando en conjunto en los cambios fundamentales generados por el nuevo modelo laboral.<\/p>\n\n\n\n<p>Para la eficacia de estos sistemas procesales modernos, se requieren operadores jur\u00eddicos m\u00e1s profesionales y dotados de las mejores herramientas te\u00f3rico-metodol\u00f3gicas que les permitan cumplir bien con su funci\u00f3n, puntualiz\u00f3 en su intervenci\u00f3n, el titular del Poder Judicial, quien estuvo acompa\u00f1ado por el consejero presidente de la Comisi\u00f3n de Implementaci\u00f3n de Reformas Judiciales del Consejo de la Judicatura, Abraham Isaac Soriano Reyes. y el magistrado Narciso Abel Alvarado V\u00e1squez, presidente de la comisi\u00f3n en materia de Justicia Laboral.<\/p>\n\n\n\n<p>En el acto protocolario, se revisaron tambi\u00e9n los avances para que la entidad cumpla con la infraestructura y requerimientos de dicha reforma, que entrar\u00e1 en vigor en el estado antes de que finalice este a\u00f1o y para lo cual se contempla la apertura de centros de conciliaci\u00f3n y cuatro juzgados especializados; dos de ellos en la ciudad de Oaxaca, uno en Huatulco y otro m\u00e1s en el Istmo.<\/p>\n\n\n\n<p>De acuerdo con la convocatoria, que se puede consultar en la p\u00e1gina web institucional del Poder Judicial del Estado www.tribunaloaxaca.gob.mx el diplomado est\u00e1 dirigido a servidoras y servidores p\u00fablicos del Poder Judicial del Estado, de las Juntas de Conciliaci\u00f3n y Arbitraje, funcionarios p\u00fablicos relacionados con la materia laboral, abogadas y abogados en general interesados en conocer el contexto social e internacional de la misma.<\/p>\n\n\n\n<p>El proceso de inscripci\u00f3n estar\u00e1 abierto hasta el martes 2 de marzo; las y los interesados pueden dirigirse con la solicitud de inscripci\u00f3n debidamente requisitada y documentos oficiales establecidos en las bases a la Unidad de Formaci\u00f3n de la Escuela Judicial, ubicada en el Ciudad Judicial. Para mayores informes pueden comunicarse a Justiciatel al n\u00famero 800 819 22 32.<\/p>\n","protected":false},"excerpt":{"rendered":"<p>Redacci\u00f3n\/Zona Roja. Oaxaca de Ju\u00e1rez, Oax., 28 de febrero de 2021.- Los poderes Ejecutivo y&hellip;<\/p>\n","protected":false},"author":2,"featured_media":24128,"comment_status":"closed","ping_status":"open","sticky":false,"template":"","format":"standard","meta":{"_lmt_disableupdate":"","_lmt_disable":"","_jetpack_memberships_contains_paid_content":false,"footnotes":""},"categories":[109,46],"tags":[1369],"class_list":["post-24127","post","type-post","status-publish","format-standard","has-post-thumbnail","hentry","category-minuto-a-minuto","category-zona-blanca","tag-tribunal-superior-de-justicia-de-oaxacatsejo"],"jetpack_featured_media_url":"https:\/\/zonaroja.com.mx\/wp-content\/uploads\/2021\/02\/2-Revisan-avances-en-la-implementacion-de-Reforma-Laboral.jpg","jetpack_sharing_enabled":true,"_links":{"self":[{"href":"https:\/\/zonaroja.com.mx\/index.php?rest_route=\/wp\/v2\/posts\/24127","targetHints":{"allow":["GET"]}}],"collection":[{"href":"https:\/\/zonaroja.com.mx\/index.php?rest_route=\/wp\/v2\/posts"}],"about":[{"href":"https:\/\/zonaroja.com.mx\/index.php?rest_route=\/wp\/v2\/types\/post"}],"author":[{"embeddable":true,"href":"https:\/\/zonaroja.com.mx\/index.php?rest_route=\/wp\/v2\/users\/2"}],"replies":[{"embeddable":true,"href":"https:\/\/zonaroja.com.mx\/index.php?rest_route=%2Fwp%2Fv2%2Fcomments&post=24127"}],"version-history":[{"count":1,"href":"https:\/\/zonaroja.com.mx\/index.php?rest_route=\/wp\/v2\/posts\/24127\/revisions"}],"predecessor-version":[{"id":24129,"href":"https:\/\/zonaroja.com.mx\/index.php?rest_route=\/wp\/v2\/posts\/24127\/revisions\/24129"}],"wp:featuredmedia":[{"embeddable":true,"href":"https:\/\/zonaroja.com.mx\/index.php?rest_route=\/wp\/v2\/media\/24128"}],"wp:attachment":[{"href":"https:\/\/zonaroja.com.mx\/index.php?rest_route=%2Fwp%2Fv2%2Fmedia&parent=24127"}],"wp:term":[{"taxonomy":"category","embeddable":true,"href":"https:\/\/zonaroja.com.mx\/index.php?rest_route=%2Fwp%2Fv2%2Fcategories&post=24127"},{"taxonomy":"post_tag","embeddable":true,"href":"https:\/\/zonaroja.com.mx\/index.php?rest_route=%2Fwp%2Fv2%2Ftags&post=24127"}],"curies":[{"name":"wp","href":"https:\/\/api.w.org\/{rel}","templated":true}]}}