{"id":24130,"date":"2021-02-27T20:31:30","date_gmt":"2021-02-28T02:31:30","guid":{"rendered":"http:\/\/www.zonaroja.com.mx\/?p=24130"},"modified":"2021-02-27T20:31:33","modified_gmt":"2021-02-28T02:31:33","slug":"se-suman-personas-recolectoras-de-basura-al-partido-morena-en-oaxaca","status":"publish","type":"post","link":"https:\/\/zonaroja.com.mx\/?p=24130","title":{"rendered":"Se suman personas recolectoras de basura al Partido Morena en Oaxaca"},"content":{"rendered":"\n<p>Redacci\u00f3n\/Zona Roja.<\/p>\n\n\n\n<p>Oaxaca de Ju\u00e1rez, 27 de febrero del 2021.- Alrededor de 800 personas dedicadas a la recolecci\u00f3n de basura en la capital oaxaque\u00f1a se sumaron al Partido Morena para ayudar a difundir los logros de la Cuarta Transformaci\u00f3n en Oaxaca.<\/p>\n\n\n\n<p>Las personas conocidas tambi\u00e9n como \u201cpepenadores\u201d habitan en la colonia El Renacimiento, perteneciente a la Villa de Zaachila, y se dedican a la recolecci\u00f3n y separaci\u00f3n de desechos s\u00f3lidos urbanos.<\/p>\n\n\n\n<p>En el acto simb\u00f3lico de bienvenida, el integrante de Comuna Oaxaca, C\u00e9sar Mateos Ben\u00edtez, dijo que la prioridad de esta uni\u00f3n es el bienestar de las familias recolectoras: \u201cVamos a trabajar para que el gobierno de la capital y los municipios metropolitanos volteen a verlos, los ayuden y les reconozcan su trabajo\u201d, expres\u00f3.<\/p>\n\n\n\n<p>En tanto, el activista y militante de Morena en Oaxaca, Flavio Sosa Villavicencio, se\u00f1al\u00f3 que la Cuarta Transformaci\u00f3n se construye en Oaxaca a trav\u00e9s de los programas sociales que colocan al estado en la prioridad del gobierno de M\u00e9xico:<\/p>\n\n\n\n<p>\u201cTenemos en Oaxaca la pavimentaci\u00f3n de caminos a cabeceras municipales, la reactivaci\u00f3n de la construcci\u00f3n de la supercarretera a la Costa y al Istmo y, adem\u00e1s, la conclusi\u00f3n de hospitales que hab\u00edan sido olvidados\u201d, expres\u00f3.<\/p>\n\n\n\n<p>En el acto simb\u00f3lico de presentaci\u00f3n estuvo presente el aspirante a la candidatura de la capital oaxaque\u00f1a, Jes\u00fas Romero L\u00f3pez, adem\u00e1s de P\u00e1vel L\u00f3pez.<\/p>\n","protected":false},"excerpt":{"rendered":"<p>Redacci\u00f3n\/Zona Roja. Oaxaca de Ju\u00e1rez, 27 de febrero del 2021.- Alrededor de 800 personas dedicadas&hellip;<\/p>\n","protected":false},"author":2,"featured_media":24131,"comment_status":"closed","ping_status":"open","sticky":false,"template":"","format":"standard","meta":{"_lmt_disableupdate":"","_lmt_disable":"","_jetpack_memberships_contains_paid_content":false,"footnotes":""},"categories":[109,46],"tags":[685],"class_list":["post-24130","post","type-post","status-publish","format-standard","has-post-thumbnail","hentry","category-minuto-a-minuto","category-zona-blanca","tag-flavio-sosa-villavicencio"],"jetpack_featured_media_url":"https:\/\/zonaroja.com.mx\/wp-content\/uploads\/2021\/02\/Se-suman.jpeg","jetpack_sharing_enabled":true,"_links":{"self":[{"href":"https:\/\/zonaroja.com.mx\/index.php?rest_route=\/wp\/v2\/posts\/24130","targetHints":{"allow":["GET"]}}],"collection":[{"href":"https:\/\/zonaroja.com.mx\/index.php?rest_route=\/wp\/v2\/posts"}],"about":[{"href":"https:\/\/zonaroja.com.mx\/index.php?rest_route=\/wp\/v2\/types\/post"}],"author":[{"embeddable":true,"href":"https:\/\/zonaroja.com.mx\/index.php?rest_route=\/wp\/v2\/users\/2"}],"replies":[{"embeddable":true,"href":"https:\/\/zonaroja.com.mx\/index.php?rest_route=%2Fwp%2Fv2%2Fcomments&post=24130"}],"version-history":[{"count":1,"href":"https:\/\/zonaroja.com.mx\/index.php?rest_route=\/wp\/v2\/posts\/24130\/revisions"}],"predecessor-version":[{"id":24132,"href":"https:\/\/zonaroja.com.mx\/index.php?rest_route=\/wp\/v2\/posts\/24130\/revisions\/24132"}],"wp:featuredmedia":[{"embeddable":true,"href":"https:\/\/zonaroja.com.mx\/index.php?rest_route=\/wp\/v2\/media\/24131"}],"wp:attachment":[{"href":"https:\/\/zonaroja.com.mx\/index.php?rest_route=%2Fwp%2Fv2%2Fmedia&parent=24130"}],"wp:term":[{"taxonomy":"category","embeddable":true,"href":"https:\/\/zonaroja.com.mx\/index.php?rest_route=%2Fwp%2Fv2%2Fcategories&post=24130"},{"taxonomy":"post_tag","embeddable":true,"href":"https:\/\/zonaroja.com.mx\/index.php?rest_route=%2Fwp%2Fv2%2Ftags&post=24130"}],"curies":[{"name":"wp","href":"https:\/\/api.w.org\/{rel}","templated":true}]}}