{"id":24136,"date":"2021-02-28T11:00:46","date_gmt":"2021-02-28T17:00:46","guid":{"rendered":"http:\/\/www.zonaroja.com.mx\/?p=24136"},"modified":"2021-02-27T21:24:10","modified_gmt":"2021-02-28T03:24:10","slug":"privatiza-calle-y-fomenta-el-ambulantaje-la-presidenta-de-comvive-en-xochimilco","status":"publish","type":"post","link":"https:\/\/zonaroja.com.mx\/?p=24136","title":{"rendered":"Privatiza calle y fomenta el ambulantaje, la presidenta de Comvive en Xochimilco"},"content":{"rendered":"\n<p>Yuridiana Sosa\/Zona Roja.<\/p>\n\n\n\n<p>Oaxaca de Ju\u00e1rez, Oax., 27 de febrero de 2021.- Hartos de una serie de actos que consideran abusivos por parte de la presidenta del Comit\u00e9 de Vida Vecinal (Comvive), Elizabeth Cruz Gonz\u00e1lez, y que atentan contra la paz y la convivencia social, vecinos del barrio de Xochimilco de la ciudad de Oaxaca, exigen al ayuntamiento la destituci\u00f3n de su representante.<\/p>\n\n\n\n<p>Cruz Gonz\u00e1lez, apuntan, dej\u00f3 de radicar en la zona desde hace unos tres meses aproximadamente, pero contin\u00faa imponiendo su autoridad para distintas actividades, como es mantener \u201cencadenados\u201d los accesos de la privada de la calle Jos\u00e9 L\u00f3pez Alav\u00e9s, donde habita su pap\u00e1 y hermanos.<\/p>\n\n\n\n<p>Dicha vialidad fue cerrada por Elizabeth Cruz cuando era parte del anterior Comvive, pero a partir de distintas acciones en las que ha incurrido, entre las que se contempla un mal trato a sus representados, los vecinos la desconocieron y demandan que abra la circulaci\u00f3n vial, pues s\u00f3lo su familia tiene acceso a la zona.<\/p>\n\n\n\n<p>Pero, adem\u00e1s, frente a casa de su pap\u00e1 instala cada semana un puesto en v\u00eda p\u00fablica de venta de artesan\u00eda, sin embargo, a ninguna familia de este barrio tradicional, con presencia de artesanos, se le permite colocar un puesto, as\u00ed como ha corrido a decenas de comerciantes que intentan realizar una venta de este tipo en la zona, indicaron los inconformes.<\/p>\n\n\n\n<p>A pesar del descontento manifestado oficialmente, el Departamento de Coordinaci\u00f3n con Comit\u00e9s Vecinales del ayuntamiento de Oaxaca de Ju\u00e1rez no quiere atender la denuncia para organizar una asamblea, con las medidas de higiene necesarias, para elegir a una nueva representante.<\/p>\n\n\n\n<p>El problema m\u00e1s reciente entre Cruz Gonz\u00e1lez y los vecinos, principalmente de la calle de Jos\u00e9 L\u00f3pez Alav\u00e9s &#8211;seg\u00fan denunciaron&#8211;, es una nueva obra de drenaje que no consult\u00f3, pero que adem\u00e1s, hace menos de una d\u00e9cada se abri\u00f3 la calle por esa situaci\u00f3n.<\/p>\n\n\n\n<p>Los habitantes solicitaron al gobierno municipal que ofrezca informaci\u00f3n clara sobre el proyecto y si es realmente necesario llevarla a cabo, pues la presidente indica que es una obra particular.<\/p>\n","protected":false},"excerpt":{"rendered":"<p>Yuridiana Sosa\/Zona Roja. Oaxaca de Ju\u00e1rez, Oax., 27 de febrero de 2021.- Hartos de una&hellip;<\/p>\n","protected":false},"author":2,"featured_media":24137,"comment_status":"closed","ping_status":"open","sticky":false,"template":"","format":"standard","meta":{"_lmt_disableupdate":"","_lmt_disable":"","_jetpack_memberships_contains_paid_content":false,"footnotes":""},"categories":[109,47],"tags":[1849],"class_list":["post-24136","post","type-post","status-publish","format-standard","has-post-thumbnail","hentry","category-minuto-a-minuto","category-zona-gris","tag-barrio-de-xochimilco-oaxaca"],"jetpack_featured_media_url":"https:\/\/zonaroja.com.mx\/wp-content\/uploads\/2021\/02\/Barrio-Xochimilco.jpg","jetpack_sharing_enabled":true,"_links":{"self":[{"href":"https:\/\/zonaroja.com.mx\/index.php?rest_route=\/wp\/v2\/posts\/24136","targetHints":{"allow":["GET"]}}],"collection":[{"href":"https:\/\/zonaroja.com.mx\/index.php?rest_route=\/wp\/v2\/posts"}],"about":[{"href":"https:\/\/zonaroja.com.mx\/index.php?rest_route=\/wp\/v2\/types\/post"}],"author":[{"embeddable":true,"href":"https:\/\/zonaroja.com.mx\/index.php?rest_route=\/wp\/v2\/users\/2"}],"replies":[{"embeddable":true,"href":"https:\/\/zonaroja.com.mx\/index.php?rest_route=%2Fwp%2Fv2%2Fcomments&post=24136"}],"version-history":[{"count":1,"href":"https:\/\/zonaroja.com.mx\/index.php?rest_route=\/wp\/v2\/posts\/24136\/revisions"}],"predecessor-version":[{"id":24138,"href":"https:\/\/zonaroja.com.mx\/index.php?rest_route=\/wp\/v2\/posts\/24136\/revisions\/24138"}],"wp:featuredmedia":[{"embeddable":true,"href":"https:\/\/zonaroja.com.mx\/index.php?rest_route=\/wp\/v2\/media\/24137"}],"wp:attachment":[{"href":"https:\/\/zonaroja.com.mx\/index.php?rest_route=%2Fwp%2Fv2%2Fmedia&parent=24136"}],"wp:term":[{"taxonomy":"category","embeddable":true,"href":"https:\/\/zonaroja.com.mx\/index.php?rest_route=%2Fwp%2Fv2%2Fcategories&post=24136"},{"taxonomy":"post_tag","embeddable":true,"href":"https:\/\/zonaroja.com.mx\/index.php?rest_route=%2Fwp%2Fv2%2Ftags&post=24136"}],"curies":[{"name":"wp","href":"https:\/\/api.w.org\/{rel}","templated":true}]}}