{"id":24139,"date":"2021-02-28T07:45:03","date_gmt":"2021-02-28T13:45:03","guid":{"rendered":"http:\/\/www.zonaroja.com.mx\/?p=24139"},"modified":"2021-02-28T07:45:06","modified_gmt":"2021-02-28T13:45:06","slug":"accidente-desata-la-ira-de-repartidores-en-moto-y-bloquean-vialidad-en-oaxaca","status":"publish","type":"post","link":"https:\/\/zonaroja.com.mx\/?p=24139","title":{"rendered":"Accidente desata la ira de repartidores en moto y bloquean vialidad en Oaxaca"},"content":{"rendered":"\n<p>Redacci\u00f3n\/Zona Roja.<\/p>\n\n\n\n<p>Oaxaca de Ju\u00e1rez, Oax., 28 de febrero de 2021.- Un motociclista atropellado, presuntamente por un elemento de la Polic\u00eda Vial Estatal, desat\u00f3 la ira de los repartidores en ese tipo de veh\u00edculos, que bloquearon el Perif\u00e9rico de la capital oaxaque\u00f1a, quemaron llantas y protestaron en la sede de la instituci\u00f3n.<\/p>\n\n\n\n<p>El percance ocurri\u00f3 en los primeros minutos de este domingo, en el Perif\u00e9rico, en el crucero con la avenida S\u00edmbolos Patrios, en que seg\u00fan los denunciantes, la patrulla con n\u00famero econ\u00f3mico 2551 arroll\u00f3 a un motociclista repartidor de comida de la empresa Didi y presuntamente se dio a la fuga.<\/p>\n\n\n\n<figure class=\"wp-block-embed-twitter wp-block-embed is-type-rich is-provider-twitter\"><div class=\"wp-block-embed__wrapper\">\n<div class=\"twitter-tweet\"><blockquote class=\"twitter-tweet\" data-lang=\"es\"><p lang=\"es\" dir=\"ltr\"><a href=\"https:\/\/twitter.com\/hashtag\/%C3%9AltimaHora?src=hash&amp;ref_src=twsrc%5Etfw\">#\u00daltimaHora<\/a> <br>El atropellamiento de un repartidor en motocicleta, presuntamente por un elemento de la Polic\u00eda Vial, desat\u00f3 la madrugada de este domingo la ira de conductores que exig\u00edan justicia; bloquearon el Perif\u00e9rico de la capital por unas horas. El uniformado fue detenido. <a href=\"https:\/\/t.co\/vgeB32sM6Y\">pic.twitter.com\/vgeB32sM6Y<\/a><\/p>&mdash; Zona Roja Oaxaca (@Zona_Roja_Oax) <a href=\"https:\/\/twitter.com\/Zona_Roja_Oax\/status\/1366016980310974465?ref_src=twsrc%5Etfw\">28 de febrero de 2021<\/a><\/blockquote><\/div>\n<\/div><\/figure>\n\n\n\n<p>Ello origin\u00f3 que decenas de motociclistas iniciaron un bloqueo en el Perif\u00e9rico en la zona sur, adem\u00e1s de quemar llantas, mientras que otro grupo acudi\u00f3 a la sede de la Polic\u00eda Vial Estatal, en la avenida Ferrocarril, para protestar por el hecho y exigir justicia contra el uniformado.<\/p>\n\n\n\n<p>El supuesto infractor fue detenido por sus propios compa\u00f1eros y puesto a disposici\u00f3n de las autoridades ministeriales y tres horas despu\u00e9s se retir\u00f3 la protesta. La v\u00edctima del accidente, presenta severas lesiones en una pierna, seg\u00fan los repartidores.<\/p>\n\n\n\n<figure class=\"wp-block-image size-large\"><img decoding=\"async\" width=\"680\" height=\"511\" src=\"http:\/\/www.zonaroja.com.mx\/wp-content\/uploads\/2021\/02\/Accidente-repartidor-Oaxaca.jpg\" alt=\"\" class=\"wp-image-24141\" srcset=\"https:\/\/zonaroja.com.mx\/wp-content\/uploads\/2021\/02\/Accidente-repartidor-Oaxaca.jpg 680w, https:\/\/zonaroja.com.mx\/wp-content\/uploads\/2021\/02\/Accidente-repartidor-Oaxaca-300x225.jpg 300w, https:\/\/zonaroja.com.mx\/wp-content\/uploads\/2021\/02\/Accidente-repartidor-Oaxaca-585x440.jpg 585w\" sizes=\"(max-width: 680px) 100vw, 680px\" \/><\/figure>\n","protected":false},"excerpt":{"rendered":"<p>Redacci\u00f3n\/Zona Roja. Oaxaca de Ju\u00e1rez, Oax., 28 de febrero de 2021.- Un motociclista atropellado, presuntamente&hellip;<\/p>\n","protected":false},"author":2,"featured_media":24140,"comment_status":"closed","ping_status":"open","sticky":false,"template":"","format":"standard","meta":{"_lmt_disableupdate":"","_lmt_disable":"","_jetpack_memberships_contains_paid_content":false,"footnotes":""},"categories":[109,47],"tags":[],"class_list":["post-24139","post","type-post","status-publish","format-standard","has-post-thumbnail","hentry","category-minuto-a-minuto","category-zona-gris"],"jetpack_featured_media_url":"https:\/\/zonaroja.com.mx\/wp-content\/uploads\/2021\/02\/Bloqueo-repartidores-ciudad-de-Oaxaca.jpg","jetpack_sharing_enabled":true,"_links":{"self":[{"href":"https:\/\/zonaroja.com.mx\/index.php?rest_route=\/wp\/v2\/posts\/24139","targetHints":{"allow":["GET"]}}],"collection":[{"href":"https:\/\/zonaroja.com.mx\/index.php?rest_route=\/wp\/v2\/posts"}],"about":[{"href":"https:\/\/zonaroja.com.mx\/index.php?rest_route=\/wp\/v2\/types\/post"}],"author":[{"embeddable":true,"href":"https:\/\/zonaroja.com.mx\/index.php?rest_route=\/wp\/v2\/users\/2"}],"replies":[{"embeddable":true,"href":"https:\/\/zonaroja.com.mx\/index.php?rest_route=%2Fwp%2Fv2%2Fcomments&post=24139"}],"version-history":[{"count":1,"href":"https:\/\/zonaroja.com.mx\/index.php?rest_route=\/wp\/v2\/posts\/24139\/revisions"}],"predecessor-version":[{"id":24142,"href":"https:\/\/zonaroja.com.mx\/index.php?rest_route=\/wp\/v2\/posts\/24139\/revisions\/24142"}],"wp:featuredmedia":[{"embeddable":true,"href":"https:\/\/zonaroja.com.mx\/index.php?rest_route=\/wp\/v2\/media\/24140"}],"wp:attachment":[{"href":"https:\/\/zonaroja.com.mx\/index.php?rest_route=%2Fwp%2Fv2%2Fmedia&parent=24139"}],"wp:term":[{"taxonomy":"category","embeddable":true,"href":"https:\/\/zonaroja.com.mx\/index.php?rest_route=%2Fwp%2Fv2%2Fcategories&post=24139"},{"taxonomy":"post_tag","embeddable":true,"href":"https:\/\/zonaroja.com.mx\/index.php?rest_route=%2Fwp%2Fv2%2Ftags&post=24139"}],"curies":[{"name":"wp","href":"https:\/\/api.w.org\/{rel}","templated":true}]}}