{"id":24149,"date":"2021-02-28T08:14:21","date_gmt":"2021-02-28T14:14:21","guid":{"rendered":"http:\/\/www.zonaroja.com.mx\/?p=24149"},"modified":"2021-02-28T08:14:25","modified_gmt":"2021-02-28T14:14:25","slug":"presentan-ante-juez-a-dos-presuntos-autores-de-doble-feminicidio-en-ocotlan","status":"publish","type":"post","link":"https:\/\/zonaroja.com.mx\/?p=24149","title":{"rendered":"Presentan ante juez a dos presuntos autores de doble feminicidio en Ocotl\u00e1n"},"content":{"rendered":"\n<p>Redacci\u00f3n\/Zona Roja.<\/p>\n\n\n\n<p>Oaxaca de Ju\u00e1rez, Oax., 28 de febrero de 2021.- Elementos de la Agencia Estatal de Investigaciones (AEI), dependiente de la Fiscal\u00eda General del Estado de Oaxaca (FGEO), detuvieron a dos personas acusadas de asesinar a dos mujeres, en Ocotl\u00e1n de Morelos.<\/p>\n\n\n\n<p>Los sujetos fueron aprehendidos ayer y presentados en audiencia ante el juez de la causa, se\u00f1alados como probables autores materiales del homicidio calificado de dos mujeres &#8211;una de ellas familiar del &nbsp;comunicador \u00c9dgar Leyva- cometido el pasado 3 de febrero.<\/p>\n\n\n\n<p>En un comunicado, la Fiscal\u00eda inform\u00f3 que los probables responsables identificados como I. M. V., alias \u201cEl Tatuado\u201d y P. D. G., alias \u201cEl Licenciado\u201d, fueron aprehendidos tras una ardua tarea de investigaci\u00f3n en que lograron su identificaci\u00f3n y ubicaci\u00f3n, dando cumplimiento a la orden de aprehensi\u00f3n asentada en la causa penal 155\/2021.<\/p>\n\n\n\n<p>Los hechos se suscitaron el pasado 3 de febrero, aproximadamente entre las 13:00 y 14:00 horas, cuando los imputados probablemente agredieron con disparos de arma de fuego a las v\u00edctimas R. I. L. M. (Isela, 36 a\u00f1os de edad) &nbsp;y A. B. R. D. (Bernarda, 54 a\u00f1os de edad), en el inmueble ubicado en la colonia Ex Hacienda Tocuela, Ocotl\u00e1n.<\/p>\n\n\n\n<p>En audiencia, los probables homicidas solicitaron ampliaci\u00f3n del t\u00e9rmino constitucional, mismo que fenece el pr\u00f3ximo 5 de marzo de 2021, quedando en tanto en prisi\u00f3n preventiva de manera provisional.<\/p>\n","protected":false},"excerpt":{"rendered":"<p>Redacci\u00f3n\/Zona Roja. Oaxaca de Ju\u00e1rez, Oax., 28 de febrero de 2021.- Elementos de la Agencia&hellip;<\/p>\n","protected":false},"author":2,"featured_media":23173,"comment_status":"closed","ping_status":"open","sticky":false,"template":"","format":"standard","meta":{"_lmt_disableupdate":"","_lmt_disable":"","_jetpack_memberships_contains_paid_content":false,"footnotes":""},"categories":[109,47],"tags":[835],"class_list":["post-24149","post","type-post","status-publish","format-standard","has-post-thumbnail","hentry","category-minuto-a-minuto","category-zona-gris","tag-ocotlan-de-morelos"],"jetpack_featured_media_url":"https:\/\/zonaroja.com.mx\/wp-content\/uploads\/2021\/02\/Ejecutadas-feminicidios-Ocotlan.png","jetpack_sharing_enabled":true,"_links":{"self":[{"href":"https:\/\/zonaroja.com.mx\/index.php?rest_route=\/wp\/v2\/posts\/24149","targetHints":{"allow":["GET"]}}],"collection":[{"href":"https:\/\/zonaroja.com.mx\/index.php?rest_route=\/wp\/v2\/posts"}],"about":[{"href":"https:\/\/zonaroja.com.mx\/index.php?rest_route=\/wp\/v2\/types\/post"}],"author":[{"embeddable":true,"href":"https:\/\/zonaroja.com.mx\/index.php?rest_route=\/wp\/v2\/users\/2"}],"replies":[{"embeddable":true,"href":"https:\/\/zonaroja.com.mx\/index.php?rest_route=%2Fwp%2Fv2%2Fcomments&post=24149"}],"version-history":[{"count":1,"href":"https:\/\/zonaroja.com.mx\/index.php?rest_route=\/wp\/v2\/posts\/24149\/revisions"}],"predecessor-version":[{"id":24150,"href":"https:\/\/zonaroja.com.mx\/index.php?rest_route=\/wp\/v2\/posts\/24149\/revisions\/24150"}],"wp:featuredmedia":[{"embeddable":true,"href":"https:\/\/zonaroja.com.mx\/index.php?rest_route=\/wp\/v2\/media\/23173"}],"wp:attachment":[{"href":"https:\/\/zonaroja.com.mx\/index.php?rest_route=%2Fwp%2Fv2%2Fmedia&parent=24149"}],"wp:term":[{"taxonomy":"category","embeddable":true,"href":"https:\/\/zonaroja.com.mx\/index.php?rest_route=%2Fwp%2Fv2%2Fcategories&post=24149"},{"taxonomy":"post_tag","embeddable":true,"href":"https:\/\/zonaroja.com.mx\/index.php?rest_route=%2Fwp%2Fv2%2Ftags&post=24149"}],"curies":[{"name":"wp","href":"https:\/\/api.w.org\/{rel}","templated":true}]}}