{"id":24155,"date":"2021-02-28T15:21:09","date_gmt":"2021-02-28T21:21:09","guid":{"rendered":"http:\/\/www.zonaroja.com.mx\/?p=24155"},"modified":"2021-02-28T15:21:12","modified_gmt":"2021-02-28T21:21:12","slug":"mantiene-lopez-obrador-alto-respaldo-ciudadano-pese-a-pandemia-de-covid","status":"publish","type":"post","link":"https:\/\/zonaroja.com.mx\/?p=24155","title":{"rendered":"Mantiene L\u00f3pez Obrador alto respaldo ciudadano, pese a pandemia de Covid"},"content":{"rendered":"\n<p>Redacci\u00f3n\/Zona Roja Cdmx.<\/p>\n\n\n\n<p>Ciudad de M\u00e9xico, 28 de febrero de 2021.- A un a\u00f1o de que se registrara el primer caso de Covid-19 en M\u00e9xico y m\u00e1s de 180 mil decesos por esa enfermedad despu\u00e9s, la aprobaci\u00f3n del Presidente Andr\u00e9s Manuel L\u00f3pez Obrador goza de \u201ccabal salud\u201d:<\/p>\n\n\n\n<p>M\u00e1s del 60% de los ciudadanos respaldan su gesti\u00f3n al frente del pa\u00eds; sin embargo, la oposici\u00f3n asegura que ha habido un\u201d manejo desastroso\u201d de la emergencia sanitaria que le traer\u00e1 costos pol\u00edticos para el mandatario federal y su partido el pr\u00f3ximo 6 de junio.<\/p>\n\n\n\n<p>En entrevista con \u201cExpansi\u00f3n Pol\u00edtica\u201d, el director de Parametr\u00eda, Francisco Abundis y la presidenta de Enkoll, Heidi Osuna, coinciden que la pandemia no ha impactado negativamente en la aprobaci\u00f3n de L\u00f3pez Obrador, que en algunas encuestas incluso, su respaldo ha subido.<\/p>\n\n\n\n<p>\u00bfLa raz\u00f3n? Los ciudadanos tienen claro que el Covid-19 es un problema mundial e incluso que su contagio de coronavirus pudo haber generado empat\u00eda, explican.<\/p>\n\n\n\n<p>\u201cLa gente no lo est\u00e1 responsabilizando ni en la salud, ni en lo econ\u00f3mico\u201d, coment\u00f3 Abundis, quien record\u00f3 que desde que inici\u00f3 la pandemia, el Presidente ha mantenido sus niveles de aprobaci\u00f3n entre 65 y 68%.<\/p>\n\n\n\n<p>Con Abundis, coincide Osuna, quien refiri\u00f3 que pese a los problemas de salud y econ\u00f3micos que ha generado la pandemia, el Presidente goza de una alta aprobaci\u00f3n ciudadana.<\/p>\n\n\n\n<p>\u201cEl mexicano se da cuenta que el Covid no es un problema generado por el Presidente, los problemas colaterales y de la pandemia se est\u00e1n viviendo en todo el mundo, y todos los mandatarios lo est\u00e1n enfrentando, es un problema que est\u00e1 en todo el mundo\u201d, explic\u00f3 la presidenta de Enkoll.<\/p>\n\n\n\n<p>HAY DESCENSOS<\/p>\n\n\n\n<p>Si bien la aprobaci\u00f3n de L\u00f3pez Obrador en el que es su tercer a\u00f1o de gobierno goza de niveles superiores respecto a su antecesor, Enrique Pe\u00f1a Nieto, el respaldo ciudadano s\u00ed ha mostrado descensos.<\/p>\n\n\n\n<p>El pol\u00edtico tabasque\u00f1o arranc\u00f3 su administraci\u00f3n con m\u00e1s de 80% de popularidad, pero al cumplir su primer a\u00f1o, algunas encuestas reportaban una aprobaci\u00f3n de entre 59% y el 72%, y al cumplir el segundo se posicion\u00f3 en el 60%, pese a que \u00e9l presume que a\u00fan 7 de cada 10 mexicanos respaldan su gesti\u00f3n.<\/p>\n\n\n\n<p>El \u201cPoll of Polls\u201d de Oraculus, elaborado para obtener un promedio mensual de los principales trabajos de investigaci\u00f3n o encuestas, revela que a 25 meses de iniciar su presidencia L\u00f3pez Obrador se mantiene con una aprobaci\u00f3n del 62% solo debajo de Felipe Calder\u00f3n quien en ese mismo periodo contaba con 67%. Debajo de ellos se ubicaban Vicente Fox con 55%, Ernesto Zedillo con 51% y Enrique Pe\u00f1a Nieto con 39%<\/p>\n\n\n\n<p>Para el polit\u00f3logo de la Facultad de Ciencias Pol\u00edticas y Sociales de la UNAM, \u00c9dgar Ortiz Arellano, la buena aprobaci\u00f3n del presidente L\u00f3pez Obrador se explica por dos factores: lleg\u00f3 a la presidencia con un amplio bono democr\u00e1tico reflejado en el voto de m\u00e1s de 30 millones de mexicanos y a que ha logrado mantener su narrativa de transformaci\u00f3n pese a las adversidades.<\/p>\n","protected":false},"excerpt":{"rendered":"<p>Redacci\u00f3n\/Zona Roja Cdmx. Ciudad de M\u00e9xico, 28 de febrero de 2021.- A un a\u00f1o de&hellip;<\/p>\n","protected":false},"author":2,"featured_media":11503,"comment_status":"closed","ping_status":"open","sticky":false,"template":"","format":"standard","meta":{"_lmt_disableupdate":"","_lmt_disable":"","_jetpack_memberships_contains_paid_content":false,"footnotes":""},"categories":[109,46],"tags":[143],"class_list":["post-24155","post","type-post","status-publish","format-standard","has-post-thumbnail","hentry","category-minuto-a-minuto","category-zona-blanca","tag-andres-manuel-lopez-obrador"],"jetpack_featured_media_url":"https:\/\/zonaroja.com.mx\/wp-content\/uploads\/2020\/04\/Image-1-59-1.png","jetpack_sharing_enabled":true,"_links":{"self":[{"href":"https:\/\/zonaroja.com.mx\/index.php?rest_route=\/wp\/v2\/posts\/24155","targetHints":{"allow":["GET"]}}],"collection":[{"href":"https:\/\/zonaroja.com.mx\/index.php?rest_route=\/wp\/v2\/posts"}],"about":[{"href":"https:\/\/zonaroja.com.mx\/index.php?rest_route=\/wp\/v2\/types\/post"}],"author":[{"embeddable":true,"href":"https:\/\/zonaroja.com.mx\/index.php?rest_route=\/wp\/v2\/users\/2"}],"replies":[{"embeddable":true,"href":"https:\/\/zonaroja.com.mx\/index.php?rest_route=%2Fwp%2Fv2%2Fcomments&post=24155"}],"version-history":[{"count":1,"href":"https:\/\/zonaroja.com.mx\/index.php?rest_route=\/wp\/v2\/posts\/24155\/revisions"}],"predecessor-version":[{"id":24156,"href":"https:\/\/zonaroja.com.mx\/index.php?rest_route=\/wp\/v2\/posts\/24155\/revisions\/24156"}],"wp:featuredmedia":[{"embeddable":true,"href":"https:\/\/zonaroja.com.mx\/index.php?rest_route=\/wp\/v2\/media\/11503"}],"wp:attachment":[{"href":"https:\/\/zonaroja.com.mx\/index.php?rest_route=%2Fwp%2Fv2%2Fmedia&parent=24155"}],"wp:term":[{"taxonomy":"category","embeddable":true,"href":"https:\/\/zonaroja.com.mx\/index.php?rest_route=%2Fwp%2Fv2%2Fcategories&post=24155"},{"taxonomy":"post_tag","embeddable":true,"href":"https:\/\/zonaroja.com.mx\/index.php?rest_route=%2Fwp%2Fv2%2Ftags&post=24155"}],"curies":[{"name":"wp","href":"https:\/\/api.w.org\/{rel}","templated":true}]}}