{"id":24161,"date":"2021-02-28T20:50:01","date_gmt":"2021-03-01T02:50:01","guid":{"rendered":"http:\/\/www.zonaroja.com.mx\/?p=24161"},"modified":"2021-02-28T20:50:06","modified_gmt":"2021-03-01T02:50:06","slug":"que-siempre-si-lopez-gatell-esta-hospitalizado-desde-el-miercoles-por-covid","status":"publish","type":"post","link":"https:\/\/zonaroja.com.mx\/?p=24161","title":{"rendered":"Que siempre s\u00ed: L\u00f3pez-Gatell est\u00e1 hospitalizado desde el mi\u00e9rcoles, por Covid"},"content":{"rendered":"\n<p>Redacci\u00f3n\/Zona Roja Cdmx.<\/p>\n\n\n\n<p>Ciudad de M\u00e9xico, 28 de febrero de 2021.- El zar anti Covid en M\u00e9xico, Hugo L\u00f3pez-Gatell, s\u00ed est\u00e1 hospitalizado desde el pasado mi\u00e9rcoles, en que contrajo la enfermedad viral.<\/p>\n\n\n\n<p>Este domingo, en conferencia de prensa, Ruy L\u00f3pez Ridaura, director general del Centro Nacional de Programas Preventivos y Control de Enfermedades (Cenaprece), detall\u00f3 que el funcionario tuvo un caso moderado y se recupera favorablemente.<\/p>\n\n\n\n<p>\u00abEn ese sentido, de una hospitalizaci\u00f3n anticipada, preventiva de la posible complicaci\u00f3n, su equipo m\u00e9dico decidi\u00f3 hospitalizarlo, y ha estado desde el mi\u00e9rcoles hospitalizado y con una evoluci\u00f3n muy favorable\u00bb, asever\u00f3.<\/p>\n\n\n\n<p>\u00abEsperemos que ya el d\u00eda de ma\u00f1ana pueda regresar o darse de alta de la unidad m\u00e9dica hospitalaria\u00bb, remarc\u00f3.<\/p>\n\n\n\n<p>La semana pasada, Ricardo Cort\u00e9s Alcal\u00e1, director de Promoci\u00f3n de la Salud, inform\u00f3 que L\u00f3pez-Gatell present\u00f3 problemas de oxigenaci\u00f3n tras dar positivo a coronavirus el 20 de febrero pasado.<\/p>\n\n\n\n<p>\u201cSobre la salud del doctor Hugo L\u00f3pez-Gatell, present\u00f3 el d\u00eda de ayer una disminuci\u00f3n leve en sus niveles de oxigenaci\u00f3n\u201d, dijo el funcionario federal en la conferencia del mi\u00e9rcoles.<\/p>\n\n\n\n<p>(Informaci\u00f3n de \u00abEl Financiero\u00bb)<\/p>\n","protected":false},"excerpt":{"rendered":"<p>Redacci\u00f3n\/Zona Roja Cdmx. Ciudad de M\u00e9xico, 28 de febrero de 2021.- El zar anti Covid&hellip;<\/p>\n","protected":false},"author":2,"featured_media":24162,"comment_status":"closed","ping_status":"open","sticky":false,"template":"","format":"standard","meta":{"_lmt_disableupdate":"","_lmt_disable":"","_jetpack_memberships_contains_paid_content":false,"footnotes":""},"categories":[109,47],"tags":[1874],"class_list":["post-24161","post","type-post","status-publish","format-standard","has-post-thumbnail","hentry","category-minuto-a-minuto","category-zona-gris","tag-hugo-lopez-gatell"],"jetpack_featured_media_url":"https:\/\/zonaroja.com.mx\/wp-content\/uploads\/2021\/02\/Hugo-Lopez-Gatell-sin-cubreboca.jpg","jetpack_sharing_enabled":true,"_links":{"self":[{"href":"https:\/\/zonaroja.com.mx\/index.php?rest_route=\/wp\/v2\/posts\/24161","targetHints":{"allow":["GET"]}}],"collection":[{"href":"https:\/\/zonaroja.com.mx\/index.php?rest_route=\/wp\/v2\/posts"}],"about":[{"href":"https:\/\/zonaroja.com.mx\/index.php?rest_route=\/wp\/v2\/types\/post"}],"author":[{"embeddable":true,"href":"https:\/\/zonaroja.com.mx\/index.php?rest_route=\/wp\/v2\/users\/2"}],"replies":[{"embeddable":true,"href":"https:\/\/zonaroja.com.mx\/index.php?rest_route=%2Fwp%2Fv2%2Fcomments&post=24161"}],"version-history":[{"count":1,"href":"https:\/\/zonaroja.com.mx\/index.php?rest_route=\/wp\/v2\/posts\/24161\/revisions"}],"predecessor-version":[{"id":24163,"href":"https:\/\/zonaroja.com.mx\/index.php?rest_route=\/wp\/v2\/posts\/24161\/revisions\/24163"}],"wp:featuredmedia":[{"embeddable":true,"href":"https:\/\/zonaroja.com.mx\/index.php?rest_route=\/wp\/v2\/media\/24162"}],"wp:attachment":[{"href":"https:\/\/zonaroja.com.mx\/index.php?rest_route=%2Fwp%2Fv2%2Fmedia&parent=24161"}],"wp:term":[{"taxonomy":"category","embeddable":true,"href":"https:\/\/zonaroja.com.mx\/index.php?rest_route=%2Fwp%2Fv2%2Fcategories&post=24161"},{"taxonomy":"post_tag","embeddable":true,"href":"https:\/\/zonaroja.com.mx\/index.php?rest_route=%2Fwp%2Fv2%2Ftags&post=24161"}],"curies":[{"name":"wp","href":"https:\/\/api.w.org\/{rel}","templated":true}]}}