{"id":24166,"date":"2021-03-01T09:00:00","date_gmt":"2021-03-01T15:00:00","guid":{"rendered":"http:\/\/www.zonaroja.com.mx\/?p=24166"},"modified":"2021-02-28T21:34:12","modified_gmt":"2021-03-01T03:34:12","slug":"probables-contagios-por-covid-en-suneo-causan-sospecha-y-preocupacion","status":"publish","type":"post","link":"https:\/\/zonaroja.com.mx\/?p=24166","title":{"rendered":"Probables contagios por Covid en SUNEO causan sospecha y preocupaci\u00f3n"},"content":{"rendered":"\n<p>Evlin Arag\u00f3n\/Zona Roja.<\/p>\n\n\n\n<p>Oaxaca de Ju\u00e1rez, Oax., 1 de marzo de 2021.- El fallecimiento de dos docentes de la Universidad del Mar (Umar) ha causado sospecha y preocupaci\u00f3n en la regi\u00f3n de la Costa, debido a la posibilidad de que se trate de casos de Covid-19 al interior de la instituci\u00f3n educativa, donde habita personal y sus familias.&nbsp;<\/p>\n\n\n\n<p>As\u00ed se dio a conocer a trav\u00e9s de las redes sociales, particularmente en el Twitter por la cuenta MediosLibres_Feministas_UNISTME\u00d1AS que refiere el fallecimiento por probables complicaciones del coronavirus de Mar\u00eda Auxilio Esparza y Miguel Mart\u00ednez Gonz\u00e1lez, este \u00faltimo viv\u00eda al interior de la Umar.<\/p>\n\n\n\n<p>\u201cViv\u00eda dentro de la universidad, falleci\u00f3 en una semana, pero lo ocultaron tambi\u00e9n y lo sacaron en un auto para que no entrara la ambulancia. Dijeron que de c\u00e1ncer pero es mentira\u201d, dijo a este medio una fuente consultada.<\/p>\n\n\n\n<p>De lo anterior responsabilizan al titular del Sistema de Universidades Estatales de Oaxaca (SUNEO), Modesto Seara V\u00e1squez, ante la falta de capacidad para atender no s\u00f3lo la problem\u00e1tica de salud, sino todo lo relacionado a la estructura universitaria a su cargo en la entidad.&nbsp;<\/p>\n\n\n\n<p>\u201cDos docentes fallecidos en febrero 2021 se sospecha de Covid en la UMAR_SUNEO y no cierran la universidad #ModestoSeara vuelve a hacer c\u00f3mplice al @GobOax exponiendo a la muerte a sus trabajadores\u201d, refieren v\u00eda Twitter.&nbsp;<\/p>\n\n\n\n<p>Y es que, aunque las instalaciones se encuentran cerradas a la actividad educativa, al interior vive personal docente con sus respectivas familias, lo cual ha convertido a las universidades en un foco de riesgo que no ha sido atendido por parte de las autoridades educativas y de salud.<\/p>\n\n\n\n<p>\u201cNo hay clases presenciales, pero, ah\u00ed dentro viven muchos trabajadores con sus familias. Adem\u00e1s, los profesores han estado asistiendo a los cub\u00edculos, recibiendo y convocando a los alumnos\u201d, como se puede ver en fotograf\u00edas publicadas en las redes sociales.&nbsp;<\/p>\n\n\n\n<p>De acuerdo con lo expuesto por personal docente, en reiteradas ocasiones las autoridades del SUNEO han puesto en riesgo a la comunidad docente, lo anterior al convocar al personal para realizar guardias e impedir que se resguarden en otras regiones y estados, debido a que hay que estar pendientes de los llamados que de manera imprevista realice la instituci\u00f3n.&nbsp;<\/p>\n\n\n\n<p>Menci\u00f3n aparte merece la utilizaci\u00f3n de las pruebas de Covid-19 a conveniencia, como lo hizo uno de los docentes denunciados por el delito de abuso sexual y hostigamiento sexual contra una estudiante de la Unistmo, quien exhibi\u00f3 un certificado m\u00e9dico con posibles s\u00edntomas de coronavirus para posponer la audiencia inicial de formulaci\u00f3n de imputaci\u00f3n, tal y como lo dio a conocer la Red Nacional de Abogadas Ind\u00edgenas.&nbsp;<\/p>\n","protected":false},"excerpt":{"rendered":"<p>Evlin Arag\u00f3n\/Zona Roja. Oaxaca de Ju\u00e1rez, Oax., 1 de marzo de 2021.- El fallecimiento de&hellip;<\/p>\n","protected":false},"author":2,"featured_media":24167,"comment_status":"closed","ping_status":"open","sticky":false,"template":"","format":"standard","meta":{"_lmt_disableupdate":"","_lmt_disable":"","_jetpack_memberships_contains_paid_content":false,"footnotes":""},"categories":[109,47],"tags":[2495],"class_list":["post-24166","post","type-post","status-publish","format-standard","has-post-thumbnail","hentry","category-minuto-a-minuto","category-zona-gris","tag-sistema-de-universidades-estatales-de-oaxaca-suneo"],"jetpack_featured_media_url":"https:\/\/zonaroja.com.mx\/wp-content\/uploads\/2021\/02\/SUNEO-Oaxaca.jpg","jetpack_sharing_enabled":true,"_links":{"self":[{"href":"https:\/\/zonaroja.com.mx\/index.php?rest_route=\/wp\/v2\/posts\/24166","targetHints":{"allow":["GET"]}}],"collection":[{"href":"https:\/\/zonaroja.com.mx\/index.php?rest_route=\/wp\/v2\/posts"}],"about":[{"href":"https:\/\/zonaroja.com.mx\/index.php?rest_route=\/wp\/v2\/types\/post"}],"author":[{"embeddable":true,"href":"https:\/\/zonaroja.com.mx\/index.php?rest_route=\/wp\/v2\/users\/2"}],"replies":[{"embeddable":true,"href":"https:\/\/zonaroja.com.mx\/index.php?rest_route=%2Fwp%2Fv2%2Fcomments&post=24166"}],"version-history":[{"count":1,"href":"https:\/\/zonaroja.com.mx\/index.php?rest_route=\/wp\/v2\/posts\/24166\/revisions"}],"predecessor-version":[{"id":24168,"href":"https:\/\/zonaroja.com.mx\/index.php?rest_route=\/wp\/v2\/posts\/24166\/revisions\/24168"}],"wp:featuredmedia":[{"embeddable":true,"href":"https:\/\/zonaroja.com.mx\/index.php?rest_route=\/wp\/v2\/media\/24167"}],"wp:attachment":[{"href":"https:\/\/zonaroja.com.mx\/index.php?rest_route=%2Fwp%2Fv2%2Fmedia&parent=24166"}],"wp:term":[{"taxonomy":"category","embeddable":true,"href":"https:\/\/zonaroja.com.mx\/index.php?rest_route=%2Fwp%2Fv2%2Fcategories&post=24166"},{"taxonomy":"post_tag","embeddable":true,"href":"https:\/\/zonaroja.com.mx\/index.php?rest_route=%2Fwp%2Fv2%2Ftags&post=24166"}],"curies":[{"name":"wp","href":"https:\/\/api.w.org\/{rel}","templated":true}]}}