{"id":24175,"date":"2021-03-01T08:00:07","date_gmt":"2021-03-01T14:00:07","guid":{"rendered":"http:\/\/www.zonaroja.com.mx\/?p=24175"},"modified":"2021-03-01T08:00:12","modified_gmt":"2021-03-01T14:00:12","slug":"la-segob-en-oaxaca-un-elefante-blanco-en-tiempos-de-la-4t","status":"publish","type":"post","link":"https:\/\/zonaroja.com.mx\/?p=24175","title":{"rendered":"La Segob en Oaxaca, un \u201celefante blanco\u201d en tiempos de la 4T"},"content":{"rendered":"\n<p>Ismael Garc\u00eda M.\/Zona Roja.<\/p>\n\n\n\n<p>Oaxaca de Ju\u00e1rez, Oax., 1 de marzo del 2021.- Ni en los mejores tiempos del PRI, que alternaba con un gobierno federal de oposici\u00f3n, hab\u00eda tanta abulia en la Secretar\u00eda de Gobernaci\u00f3n (Segob), para atender las m\u00faltiples protestas y demandas en Oaxaca, muchas de las cuales corresponden al orden federal.<\/p>\n\n\n\n<p>En dos a\u00f1os y tres meses del gobierno de Andr\u00e9s Manuel L\u00f3pez Obrador, lleva cuatro responsables en la entidad y ninguno de ellos ha destacado por su eficacia para atender lo que en sus atribuciones corresponde.<\/p>\n\n\n\n<p>Inici\u00f3 Carlos Santiago Carrasco, fue suplido por Heliodoro D\u00edaz Esc\u00e1rraga pero dur\u00f3 pocos d\u00edas, al disputar los morenistas la plaza, para Jes\u00fas Romero L\u00f3pez, que en medio a\u00f1o abandon\u00f3 el cargo para buscar una candidatura en el actual proceso electoral.<\/p>\n\n\n\n<p>Y en sigilo nombraron al cuarto, Jos\u00e9 Carlos Fuentes Ordaz, un ex perredista de cepa, eterno aspirante a edil de su natal El Espinal, ex colaborador del diputado federal Carol Antonio Altamirano y del ahora edil de Xoxocotl\u00e1n, Alejandro L\u00f3pez Jarqu\u00edn; sin experiencia, sin fogueo en negociaciones; sin acercamiento con organizaciones sociales, prev\u00e9 convertirse en un florero, al igual que su jefa superior, Olga S\u00e1nchez Cordero.<\/p>\n\n\n\n<p>El nuevo representante de la instituci\u00f3n m\u00e1s importante del pa\u00eds, despu\u00e9s de la Presidencia de la Rep\u00fablica, poste\u00f3 su designaci\u00f3n el pasado 23 de febrero,; fue nombrado sin ning\u00fan protocolo oficial, contrario a sus dos antecesores en el cargo.<\/p>\n\n\n\n<p>Fue bastante p\u00fablica la controversia en que morenistas y activistas de izquierda reprocharon cuando, tambi\u00e9n en sigilo, el gobernador Alejandro Murat pact\u00f3 \u2013de esos muchos que tienen ambas partes&#8211; con Olga S\u00e1nchez dar la representaci\u00f3n de la Segob a un priista de alcurnia, Heliodoro D\u00edaz Esc\u00e1rraga.<\/p>\n\n\n\n<p>Los se\u00f1alamientos de \u201crepresor\u201d en la lucha social del 2006 \u201cconvencieron\u201d a la titular de Gobernaci\u00f3n para recular en el cargo.<\/p>\n\n\n\n<p>El 29 de abril del a\u00f1o pasado se hizo oficial la designaci\u00f3n de Romero L\u00f3pez, que \u201ctendr\u00e1 entre sus tareas realizar recorridos por los municipios y establecer di\u00e1logos con grupos sociales y actores pol\u00edticos involucrados en el desarrollo econ\u00f3mico, pol\u00edtico y social del estado.<\/p>\n\n\n\n<p>\u201cAsimismo, desarrollar\u00e1 funciones en beneficio de la entidad y sus habitantes, adem\u00e1s de ser el enlace de coordinaci\u00f3n entre el gobierno federal y estatal\u201d.<\/p>\n\n\n\n<p>Nunca se supo si hizo recorridos por los municipios y si estableci\u00f3 di\u00e1logo con las organizaciones sociales, pues su papel fue absolutamente gris.<\/p>\n\n\n\n<p>El 16 de octubre renunci\u00f3 al cargo para buscar, primero, dirigir al Partido Morena y ahora, ser presidente municipal \u201co cuando menos diputado\u201d.<\/p>\n\n\n\n<p>AUTORIDAD REBASADA<\/p>\n\n\n\n<p>De Fuentes Ordaz, no se sabe de \u00e9l m\u00e1s que su gris trayectoria como colaborador de Alejandro L\u00f3pez Jarqu\u00edn; de bur\u00f3crata en la antigua Secretar\u00eda de Desarrollo Social y Humano, donde a la par desempe\u00f1aba la tarea de poyar a Carol Antonio. Todo a favor del perredismo.<\/p>\n\n\n\n<p>Tampoco se sabe cu\u00e1ndo mut\u00f3 a morenista, pues recibi\u00f3 un cargo de quinta en la regi\u00f3n del Istmo, como bur\u00f3crata del Instituto Nacional de Migraci\u00f3n, al que renunci\u00f3 el 15 de febrero, para pasar de ah\u00ed a la responsabilidad de representar a la Secretar\u00eda de Gobernaci\u00f3n.<\/p>\n\n\n\n<p>En Oaxaca los conflictos no faltan, mucho menos los hechos de ingobernabilidad; rebasadas las instituciones estatales, de manera reciente muchas organizaciones han optado por ir a la Ciudad de M\u00e9xico para buscar la mediaci\u00f3n federal<\/p>\n\n\n\n<p>As\u00ed lo hicieron los militantes del Frente Popular Revolucionario, que fueron a marchar y protestar hace dos semanas en la capital del pa\u00eds, para exigir justicia que no hay en Oaxaca.<\/p>\n\n\n\n<p>El m\u00e1s reciente y grave caso, es el de los ind\u00edgenas triquis de Tierra Blanca Copala, donde el gobierno estatal incluso negaba que hubiera muertos, lo cual al final tuvo que reconocer.<\/p>\n\n\n\n<p>Tuvo que venir Alejandro Encinas, el 12 de febrero, y acudir hasta la zona para constatar personalmente la situaci\u00f3n; ah\u00ed hizo muchos compromisos, demasiados.<\/p>\n\n\n\n<p>Pero \u00e9stos, el principal, la instalaci\u00f3n de la Guardia Nacional, no se han cumplido y de nuevo los triquis, afiliados al MULTI, se encuentra en la Ciudad de M\u00e9xico para demandar cumplimientos y ahora una audiencia con L\u00f3pez Obrador.<\/p>\n\n\n\n<p>\u00bfHabr\u00e1 cambios y ahora as\u00ed atenci\u00f3n desde la Segob en Oaxaca? Desde ahora vaticinamos que no. Fuentes Ordaz, por ejemplo, no ha movido un solo dedo para atender un tema que su subjefe Alejandro Encinas s\u00ed atendi\u00f3 y ha comprometido su palabra con los triquis.<\/p>\n\n\n\n<p>Pero tambi\u00e9n la intervenci\u00f3n de la Segob en este caso ha sido a base de presiones y no ha querido inmiscuirse m\u00e1s, \u00bfpor qu\u00e9? La raz\u00f3n: molestar en lo menos a la autoridad estatal encabezada por Alejandro Murat, m\u00e1s ahora que acaba de hacer otra genuflexi\u00f3n al Presidente de M\u00e9xico, al respaldar su pacto democr\u00e1tico por las elecciones.<\/p>\n","protected":false},"excerpt":{"rendered":"<p>Ismael Garc\u00eda M.\/Zona Roja. Oaxaca de Ju\u00e1rez, Oax., 1 de marzo del 2021.- Ni en&hellip;<\/p>\n","protected":false},"author":2,"featured_media":7610,"comment_status":"closed","ping_status":"open","sticky":false,"template":"","format":"standard","meta":{"_lmt_disableupdate":"","_lmt_disable":"","_jetpack_memberships_contains_paid_content":false,"footnotes":""},"categories":[456,109,48],"tags":[1353],"class_list":["post-24175","post","type-post","status-publish","format-standard","has-post-thumbnail","hentry","category-columna","category-minuto-a-minuto","category-zona-critica","tag-opinion-zona-critica"],"jetpack_featured_media_url":"https:\/\/zonaroja.com.mx\/wp-content\/uploads\/2020\/01\/Opini\u00f3n-Zona-Cr\u00edtica.jpg","jetpack_sharing_enabled":true,"_links":{"self":[{"href":"https:\/\/zonaroja.com.mx\/index.php?rest_route=\/wp\/v2\/posts\/24175","targetHints":{"allow":["GET"]}}],"collection":[{"href":"https:\/\/zonaroja.com.mx\/index.php?rest_route=\/wp\/v2\/posts"}],"about":[{"href":"https:\/\/zonaroja.com.mx\/index.php?rest_route=\/wp\/v2\/types\/post"}],"author":[{"embeddable":true,"href":"https:\/\/zonaroja.com.mx\/index.php?rest_route=\/wp\/v2\/users\/2"}],"replies":[{"embeddable":true,"href":"https:\/\/zonaroja.com.mx\/index.php?rest_route=%2Fwp%2Fv2%2Fcomments&post=24175"}],"version-history":[{"count":1,"href":"https:\/\/zonaroja.com.mx\/index.php?rest_route=\/wp\/v2\/posts\/24175\/revisions"}],"predecessor-version":[{"id":24176,"href":"https:\/\/zonaroja.com.mx\/index.php?rest_route=\/wp\/v2\/posts\/24175\/revisions\/24176"}],"wp:featuredmedia":[{"embeddable":true,"href":"https:\/\/zonaroja.com.mx\/index.php?rest_route=\/wp\/v2\/media\/7610"}],"wp:attachment":[{"href":"https:\/\/zonaroja.com.mx\/index.php?rest_route=%2Fwp%2Fv2%2Fmedia&parent=24175"}],"wp:term":[{"taxonomy":"category","embeddable":true,"href":"https:\/\/zonaroja.com.mx\/index.php?rest_route=%2Fwp%2Fv2%2Fcategories&post=24175"},{"taxonomy":"post_tag","embeddable":true,"href":"https:\/\/zonaroja.com.mx\/index.php?rest_route=%2Fwp%2Fv2%2Ftags&post=24175"}],"curies":[{"name":"wp","href":"https:\/\/api.w.org\/{rel}","templated":true}]}}