{"id":24177,"date":"2021-03-01T08:18:32","date_gmt":"2021-03-01T14:18:32","guid":{"rendered":"http:\/\/www.zonaroja.com.mx\/?p=24177"},"modified":"2021-03-01T08:18:38","modified_gmt":"2021-03-01T14:18:38","slug":"seis-de-cada-10-mexicanos-reprueban-candidatura-de-salgado-macedonio","status":"publish","type":"post","link":"https:\/\/zonaroja.com.mx\/?p=24177","title":{"rendered":"Seis de cada 10 mexicanos reprueban candidatura de Salgado Macedonio"},"content":{"rendered":"\n<p>Redacci\u00f3n\/Zona Roja Cdmx.<\/p>\n\n\n\n<p>Ciudad de M\u00e9xico, 1 de marzo de 2021.- El 62 por ciento de los mexicanos encuestados por \u201cEl Financiero Bloomberg\u201d calific\u00f3 mal el nombramiento de F\u00e9lix Salgado Macedonio como candidato a la gubernatura de Guerrero.<\/p>\n\n\n\n<p>Por el contrario, el 27 por ciento se\u00f1al\u00f3 que Morena tiene el derecho de nombrar a sus candidatos, de acuerdo con la m\u00e1s reciente encuesta de \u201cEl Financiero\u201d,<\/p>\n\n\n\n<p>el 11 por ciento dijo no saber al respecto.<\/p>\n\n\n\n<p>Mujeres han protestado en redes sociales con el hashtag #PresidenteRompaElPacto y #Ungobernadornoser\u00e1gobernador para exigir, tanto al mandatario federal como a la dirigencia de Morena, que retirara la candidatura de Salgado Macedonio, debido a las denuncias por abuso sexual que se presentaron en contra del senador con licencia.<\/p>\n\n\n\n<p>En Guerrero tambi\u00e9n colectivas de mujeres se han manifestado en contra de la candidatura de Salgado Macedonio.<\/p>\n\n\n\n<p>La Comisi\u00f3n Nacional de Honestidad y Justicia de Morena instruy\u00f3 a las Comisiones Nacional de Elecciones y Nacional de Encuestas a reponer el proceso de selecci\u00f3n del candidato de Morena para las elecciones de junio pr\u00f3ximo.<\/p>\n\n\n\n<p>En febrero pasado, el presidente Andr\u00e9s Manuel L\u00f3pez Obrador dijo que si bien las denuncias sobre abuso sexual son fuertes, estas no deben convertirse en \u00ablinchamiento pol\u00edtico\u00bb.<\/p>\n\n\n\n<p>El mandatario federal opin\u00f3 ese mes que hay que tener confianza en el pueblo, pues se realizaron encuestas para definir a candidatos.<\/p>\n","protected":false},"excerpt":{"rendered":"<p>Redacci\u00f3n\/Zona Roja Cdmx. Ciudad de M\u00e9xico, 1 de marzo de 2021.- El 62 por ciento&hellip;<\/p>\n","protected":false},"author":2,"featured_media":23382,"comment_status":"closed","ping_status":"open","sticky":false,"template":"","format":"standard","meta":{"_lmt_disableupdate":"","_lmt_disable":"","_jetpack_memberships_contains_paid_content":false,"footnotes":""},"categories":[109,47],"tags":[2352],"class_list":["post-24177","post","type-post","status-publish","format-standard","has-post-thumbnail","hentry","category-minuto-a-minuto","category-zona-gris","tag-felix-salgado-macedonio"],"jetpack_featured_media_url":"https:\/\/zonaroja.com.mx\/wp-content\/uploads\/2021\/02\/Felix-Salgado-Macedonio.jpg","jetpack_sharing_enabled":true,"_links":{"self":[{"href":"https:\/\/zonaroja.com.mx\/index.php?rest_route=\/wp\/v2\/posts\/24177","targetHints":{"allow":["GET"]}}],"collection":[{"href":"https:\/\/zonaroja.com.mx\/index.php?rest_route=\/wp\/v2\/posts"}],"about":[{"href":"https:\/\/zonaroja.com.mx\/index.php?rest_route=\/wp\/v2\/types\/post"}],"author":[{"embeddable":true,"href":"https:\/\/zonaroja.com.mx\/index.php?rest_route=\/wp\/v2\/users\/2"}],"replies":[{"embeddable":true,"href":"https:\/\/zonaroja.com.mx\/index.php?rest_route=%2Fwp%2Fv2%2Fcomments&post=24177"}],"version-history":[{"count":1,"href":"https:\/\/zonaroja.com.mx\/index.php?rest_route=\/wp\/v2\/posts\/24177\/revisions"}],"predecessor-version":[{"id":24178,"href":"https:\/\/zonaroja.com.mx\/index.php?rest_route=\/wp\/v2\/posts\/24177\/revisions\/24178"}],"wp:featuredmedia":[{"embeddable":true,"href":"https:\/\/zonaroja.com.mx\/index.php?rest_route=\/wp\/v2\/media\/23382"}],"wp:attachment":[{"href":"https:\/\/zonaroja.com.mx\/index.php?rest_route=%2Fwp%2Fv2%2Fmedia&parent=24177"}],"wp:term":[{"taxonomy":"category","embeddable":true,"href":"https:\/\/zonaroja.com.mx\/index.php?rest_route=%2Fwp%2Fv2%2Fcategories&post=24177"},{"taxonomy":"post_tag","embeddable":true,"href":"https:\/\/zonaroja.com.mx\/index.php?rest_route=%2Fwp%2Fv2%2Ftags&post=24177"}],"curies":[{"name":"wp","href":"https:\/\/api.w.org\/{rel}","templated":true}]}}