{"id":24179,"date":"2021-03-01T14:35:03","date_gmt":"2021-03-01T20:35:03","guid":{"rendered":"http:\/\/www.zonaroja.com.mx\/?p=24179"},"modified":"2021-03-01T14:39:27","modified_gmt":"2021-03-01T20:39:27","slug":"repartidores-motorizados-protestan-nuevamente-hay-atencion-a-ellos-sspo","status":"publish","type":"post","link":"https:\/\/zonaroja.com.mx\/?p=24179","title":{"rendered":"Repartidores motorizados protestan nuevamente; hay atenci\u00f3n a ellos: SSPO"},"content":{"rendered":"\n<p>Evlin Arag\u00f3n\/Zona Roja.<\/p>\n\n\n\n<p>Oaxaca de Ju\u00e1rez, Oax., 1 de marzo de 2021.- Luego que la noche del s\u00e1bado, una patrulla de la Polic\u00eda Vial Estatal embisti\u00f3 a una motocicleta y presuntamente se dio a la fuga, repartidores de comida motorizados se manifestaron este lunes para exigir mayor seguridad y procuraci\u00f3n de justicia \u00e1gil, por el atropellamiento de dos motociclistas.<\/p>\n\n\n\n<p>De manera pac\u00edfica y sin afectar las vialidades, los trabajadores se manifestaron de manera intermitente \u2013en los momentos en que el sem\u00e1foro marca en rojo- para hacer visible que no s\u00f3lo se enfrentan a la inseguridad que se vive en la zona metropolitana, sino tambi\u00e9n a los accidentes viales, provocados incluso por las autoridades responsables de evitarlos.<\/p>\n\n\n\n<p>No obstante, reconocieron tambi\u00e9n que muchos de ellos violan las normas de tr\u00e1nsito y rebasan de manera inadecuada a los automovilistas, en aras de la rapidez por entregar los pedidos, por lo cual, implementar\u00e1n sus propios c\u00f3digos de seguridad.<\/p>\n\n\n\n<p>Previo a la protesta, en conferencia expusieron que un var\u00f3n y una mujer resultaron heridos por el accidente provocado la noche del s\u00e1bado, siendo responsables de los hechos dos elementos de la Polic\u00eda Vial Estatal.<\/p>\n\n\n\n<p>Dentro de las deficiencias en el proceso por parte de las autoridades, denunciaron la lentitud con la que act\u00faa el personal de la Fiscal\u00eda General de Justicia del Estado, toda vez que, hasta las diez de la noche del domingo, las v\u00edctimas no hab\u00edan rendido su declaraci\u00f3n, situaci\u00f3n que podr\u00eda ocasionar la impunidad en el caso.<\/p>\n\n\n\n<figure class=\"wp-block-embed-twitter wp-block-embed is-type-rich is-provider-twitter\"><div class=\"wp-block-embed__wrapper\">\n<div class=\"twitter-tweet\"><blockquote class=\"twitter-tweet\" data-lang=\"es\"><p lang=\"es\" dir=\"ltr\">Oaxaca de Ju\u00e1rez, Oax., 1 de marzo del 2021.- Conferencia de prensa de repartidores de alimentos en motocicleta.<br>Aqu\u00ed la transmisi\u00f3n:<br>\ud83d\udc47<a href=\"https:\/\/t.co\/oC1U0DvGJt\">https:\/\/t.co\/oC1U0DvGJt<\/a> <a href=\"https:\/\/t.co\/s1ceyDiN1P\">pic.twitter.com\/s1ceyDiN1P<\/a><\/p>&mdash; Zona Roja Oaxaca (@Zona_Roja_Oax) <a href=\"https:\/\/twitter.com\/Zona_Roja_Oax\/status\/1366407043737743362?ref_src=twsrc%5Etfw\">1 de marzo de 2021<\/a><\/blockquote><\/div>\n<\/div><\/figure>\n\n\n\n<p>Todo esto lo evidenciaron este lunes, a la par que exigieron la reparaci\u00f3n del da\u00f1o y el pago de los gastos m\u00e9dicos de las personas afectadas, que aseguran no se est\u00e1 llevando a cabo; y aclararon no se trata de un asunto en contra de la polic\u00eda, sino de sancionar a los responsables del hecho.&nbsp;<\/p>\n\n\n\n<p>Por \u00faltimo, lamentaron que, hasta la fecha, ninguno de los due\u00f1os de las aplicaciones de entrega de alimentos para las que laboran, como Didi y Uber, se ha puesto en contacto con ellos, derivado del accidente suscitado.\u00a0\u00a0<\/p>\n\n\n\n<p>HAY ATENCI\u00d3N<\/p>\n\n\n\n<p>Por su parte, la Polic\u00eda Vial, dependiente de la Secretar\u00eda de Seguridad P\u00fablica, dio a conocer que los lesionados se encuentran recibiendo atenci\u00f3n m\u00e9dica en el hospital del IMSS, d\u00f3nde uno de ellos fue intervenido quir\u00fargicamente por la fractura de tibia que presentaba, resultando exitosa la operaci\u00f3n.<\/p>\n\n\n\n<p>Aclararon que ninguna de las personas heridas ha perdido una extremidad y ser\u00e1 hasta el pr\u00f3ximo mi\u00e9rcoles que se llevar\u00e1 a cabo la segunda operaci\u00f3n, conforme a lo expuesto por el personal m\u00e9dico y familiares, con quienes mantienen comunicaci\u00f3n permanente.&nbsp;&nbsp;<\/p>\n\n\n\n<p>As\u00ed mismo, dieron a conocer que Antoni J. V. R., se\u00f1alado como responsable de los hechos, est\u00e1 a disposici\u00f3n de la Fiscal\u00eda General del Estado, y se inici\u00f3 en su contra la carpeta de investigaci\u00f3n 6675\/FVCE\/OAXACA\/2021.<\/p>\n\n\n\n<p>Finalmente aseguraron que todos los gastos de hospitalizaci\u00f3n y medicamentos corren por cuenta de la aseguradora y de la Polic\u00eda Vial Estatal; reiteraron que act\u00faan conforme a la ley y se proceder\u00e1 en contra de los elementos, seg\u00fan lo determinen las autoridades ministeriales.<\/p>\n\n\n\n<figure class=\"wp-block-embed-twitter wp-block-embed is-type-rich is-provider-twitter\"><div class=\"wp-block-embed__wrapper\">\n<div class=\"twitter-tweet\"><blockquote class=\"twitter-tweet\" data-lang=\"es\"><p lang=\"es\" dir=\"ltr\"><a href=\"https:\/\/twitter.com\/hashtag\/%C3%9AltimoMinuto?src=hash&amp;ref_src=twsrc%5Etfw\">#\u00daltimoMinuto<\/a> <br>As\u00ed fue la protesta pac\u00edfica de repartidores en motocicleta esta ma\u00f1ana, sin bloquear vialidades de la capital de <a href=\"https:\/\/twitter.com\/hashtag\/Oaxaca?src=hash&amp;ref_src=twsrc%5Etfw\">#Oaxaca<\/a>. <br>Reconocen tambi\u00e9n que en muchas ocasiones cometen infracciones viales o conducen sin precauci\u00f3n; adoptar\u00e1n protocolos. <a href=\"https:\/\/t.co\/ekjYPlmHsh\">pic.twitter.com\/ekjYPlmHsh<\/a><\/p>&mdash; Zona Roja Oaxaca (@Zona_Roja_Oax) <a href=\"https:\/\/twitter.com\/Zona_Roja_Oax\/status\/1366436260835778565?ref_src=twsrc%5Etfw\">1 de marzo de 2021<\/a><\/blockquote><\/div>\n<\/div><\/figure>\n","protected":false},"excerpt":{"rendered":"<p>Evlin Arag\u00f3n\/Zona Roja. Oaxaca de Ju\u00e1rez, Oax., 1 de marzo de 2021.- Luego que la&hellip;<\/p>\n","protected":false},"author":2,"featured_media":24181,"comment_status":"closed","ping_status":"open","sticky":false,"template":"","format":"standard","meta":{"_lmt_disableupdate":"","_lmt_disable":"","_jetpack_memberships_contains_paid_content":false,"footnotes":""},"categories":[109,47],"tags":[2487,175],"class_list":["post-24179","post","type-post","status-publish","format-standard","has-post-thumbnail","hentry","category-minuto-a-minuto","category-zona-gris","tag-motociclistas-repartidores-oaxaca","tag-secretaria-de-seguridad-publica-de-oaxaca"],"jetpack_featured_media_url":"https:\/\/zonaroja.com.mx\/wp-content\/uploads\/2021\/03\/Protesta-repartidores-en-moto.jpg","jetpack_sharing_enabled":true,"_links":{"self":[{"href":"https:\/\/zonaroja.com.mx\/index.php?rest_route=\/wp\/v2\/posts\/24179","targetHints":{"allow":["GET"]}}],"collection":[{"href":"https:\/\/zonaroja.com.mx\/index.php?rest_route=\/wp\/v2\/posts"}],"about":[{"href":"https:\/\/zonaroja.com.mx\/index.php?rest_route=\/wp\/v2\/types\/post"}],"author":[{"embeddable":true,"href":"https:\/\/zonaroja.com.mx\/index.php?rest_route=\/wp\/v2\/users\/2"}],"replies":[{"embeddable":true,"href":"https:\/\/zonaroja.com.mx\/index.php?rest_route=%2Fwp%2Fv2%2Fcomments&post=24179"}],"version-history":[{"count":2,"href":"https:\/\/zonaroja.com.mx\/index.php?rest_route=\/wp\/v2\/posts\/24179\/revisions"}],"predecessor-version":[{"id":24182,"href":"https:\/\/zonaroja.com.mx\/index.php?rest_route=\/wp\/v2\/posts\/24179\/revisions\/24182"}],"wp:featuredmedia":[{"embeddable":true,"href":"https:\/\/zonaroja.com.mx\/index.php?rest_route=\/wp\/v2\/media\/24181"}],"wp:attachment":[{"href":"https:\/\/zonaroja.com.mx\/index.php?rest_route=%2Fwp%2Fv2%2Fmedia&parent=24179"}],"wp:term":[{"taxonomy":"category","embeddable":true,"href":"https:\/\/zonaroja.com.mx\/index.php?rest_route=%2Fwp%2Fv2%2Fcategories&post=24179"},{"taxonomy":"post_tag","embeddable":true,"href":"https:\/\/zonaroja.com.mx\/index.php?rest_route=%2Fwp%2Fv2%2Ftags&post=24179"}],"curies":[{"name":"wp","href":"https:\/\/api.w.org\/{rel}","templated":true}]}}