{"id":24183,"date":"2021-03-01T16:08:44","date_gmt":"2021-03-01T22:08:44","guid":{"rendered":"http:\/\/www.zonaroja.com.mx\/?p=24183"},"modified":"2021-03-01T16:08:54","modified_gmt":"2021-03-01T22:08:54","slug":"lunes-de-movilizaciones-toda-una-tradicion-en-oaxaca-por-desatencion-oficial","status":"publish","type":"post","link":"https:\/\/zonaroja.com.mx\/?p=24183","title":{"rendered":"Lunes de movilizaciones, toda una tradici\u00f3n en Oaxaca\u2026 por desatenci\u00f3n oficial"},"content":{"rendered":"\n<p>Evlin Arag\u00f3n\/Zona Roja.<\/p>\n\n\n\n<p>Oaxaca de Ju\u00e1rez, Oax., 1 de marzo de 2021.- Como ya se ha vuelto costumbre, este lunes la capital del estado se convirti\u00f3 en zona de movilizaciones por parte de diferentes grupos sociales, ante la nula actuaci\u00f3n por parte de las autoridades encargadas de la gobernabilidad en la entidad.&nbsp;<\/p>\n\n\n\n<p>Desde temprana hora y de manera violenta, estudiantes normalistas \u201ctomaron\u201d poco m\u00e1s de una decena de autobuses del transporte p\u00fablico, para ingresarlos, posteriormente, a las instalaciones del Centro Regional de Educaci\u00f3n Normal de Oaxaca (CRENO), en la calzada San Felipe.<\/p>\n\n\n\n<p>Antes del mediod\u00eda iniciaron una marcha por las principales calles del norte al centro de la ciudad, a fin de arribar al palacio de Gobierno para hacer entrega de su pliego de peticiones al gobierno de Oaxaca, encabezado por Alejandro Murat Hinojosa.&nbsp;<\/p>\n\n\n\n<p>De acuerdo con los j\u00f3venes, una de sus principales demandas es la asignaci\u00f3n de plazas de manera autom\u00e1tica, a la cual insisten desde el 2015 que se suspendi\u00f3 dicha posibilidad debido a la Reforma Educativa; adem\u00e1s de mejores condiciones de infraestructura al interior de los centros escolares.<\/p>\n\n\n\n<p>Luego de una concentraci\u00f3n y mitin, sin ninguna medida de sana distancia, y de entregar su pliego a un representante del Instituto Estatal de Educaci\u00f3n P\u00fablica de Oaxaca (IEEPO), se retiraron de nuevo hacia el CRENO y posteriormente a sus domicilios.<\/p>\n\n\n\n<figure class=\"wp-block-embed-twitter wp-block-embed is-type-rich is-provider-twitter\"><div class=\"wp-block-embed__wrapper\">\n<div class=\"twitter-tweet\"><blockquote class=\"twitter-tweet\" data-lang=\"es\"><p lang=\"es\" dir=\"ltr\"><a href=\"https:\/\/twitter.com\/hashtag\/%C3%9AltimoMinuto?src=hash&amp;ref_src=twsrc%5Etfw\">#\u00daltimoMinuto<\/a> <br>Tras su marcha y mitin en el z\u00f3calo de la ciudad de <a href=\"https:\/\/twitter.com\/hashtag\/Oaxaca?src=hash&amp;ref_src=twsrc%5Etfw\">#Oaxaca<\/a>, los <a href=\"https:\/\/twitter.com\/hashtag\/normalistas?src=hash&amp;ref_src=twsrc%5Etfw\">#normalistas<\/a> se retiran sin contratiempo, a bordo de los autobuses que desde la ma\u00f1ana \u201ctomaron\u201d de manera violenta en la zona norte de la capital. <a href=\"https:\/\/t.co\/Kxq8DvM3KC\">pic.twitter.com\/Kxq8DvM3KC<\/a><\/p>&mdash; Zona Roja Oaxaca (@Zona_Roja_Oax) <a href=\"https:\/\/twitter.com\/Zona_Roja_Oax\/status\/1366461313602318338?ref_src=twsrc%5Etfw\">1 de marzo de 2021<\/a><\/blockquote><\/div>\n<\/div><\/figure>\n\n\n\n<p>TAMBI\u00c9N COLONOS<\/p>\n\n\n\n<p>Mientras que, a las afueras de Casa Oficial, arribaron colonos de las demarcaciones Los \u00c1ngeles, Emiliano Zapata, El Guayabal, Gonz\u00e1lez Guardado, para evidenciar que no han tenido respuesta por parte de las autoridades a su petici\u00f3n de agua potables y servicios b\u00e1sicos, as\u00ed como servicios m\u00e9dicos ausentes en medio de la pandemia.&nbsp;&nbsp;<\/p>\n\n\n\n<p>\u201cNo hemos tenido respuesta, s\u00f3lo en cuestiones electorales es cuando se acercan ciertas personas. Han pasado agentes municipales, han pasado presidentes municipales y nada m\u00e1s nos dan vueltas y vueltas sin soluciones, a pesar de las minutas firmadas\u201d, refiri\u00f3 un manifestante, afiliado al Movimiento de Unificaci\u00f3n y Lucha Triqui (MULT).&nbsp;<\/p>\n\n\n\n<p>Finalmente explic\u00f3 que ning\u00fan nivel de gobierno los ha tomado en cuenta y aunque escuchan maravillas de la Federaci\u00f3n, la realidad es que los beneficios no est\u00e1n llegando a las personas que m\u00e1s lo necesitan.<\/p>\n\n\n\n<p>Tras ser atendida una representaci\u00f3n, encabezada por el dirigente Rogelio Pensamiento Mesinas, los manifestantes retiraron alrededor de las 15:00 horas del z\u00f3calo y de la avenida Ju\u00e1rez.<\/p>\n\n\n\n<figure class=\"wp-block-embed-twitter wp-block-embed is-type-rich is-provider-twitter\"><div class=\"wp-block-embed__wrapper\">\n<div class=\"twitter-tweet\"><blockquote class=\"twitter-tweet\" data-lang=\"es\"><p lang=\"es\" dir=\"ltr\"><a href=\"https:\/\/twitter.com\/hashtag\/ENVIVO?src=hash&amp;ref_src=twsrc%5Etfw\">#ENVIVO<\/a> <br>Oaxaca de Ju\u00e1rez, Oax., 1 de marzo de 2021.- Militantes de el Movimiento de Unificaci\u00f3n y Lucha Triqui (MULT) protestan en la Casa Oficial del Gobierno del Estado de Oaxaca y bloquean la avenida Ju\u00e1rez. <br>Aqu\u00ed la transmisi\u00f3n:<br>\ud83d\udc47<a href=\"https:\/\/t.co\/rh3u0Mq5TK\">https:\/\/t.co\/rh3u0Mq5TK<\/a> <a href=\"https:\/\/t.co\/d6QVpsRZgI\">pic.twitter.com\/d6QVpsRZgI<\/a><\/p>&mdash; Zona Roja Oaxaca (@Zona_Roja_Oax) <a href=\"https:\/\/twitter.com\/Zona_Roja_Oax\/status\/1366419602138275846?ref_src=twsrc%5Etfw\">1 de marzo de 2021<\/a><\/blockquote><\/div>\n<\/div><\/figure>\n\n\n\n<p>EN CIUDAD ADMINISTRATIVA<\/p>\n\n\n\n<p>Finalmente, a Ciudad Administrativa, oficinas de gobierno ubicadas en Tlalixtac de Cabrera, llegaron integrantes de la Uni\u00f3n Democr\u00e1tica de Pueblos y Comunidades Ind\u00edgenas, quienes solicitaron atenci\u00f3n por parte de la Secretar\u00eda General de Gobierno (Segego), en temas pendientes de justicia, salud, educaci\u00f3n y obra p\u00fablica.&nbsp;<\/p>\n\n\n\n<p>Explicaron que, aunque lograron un primer contacto con la autoridad, no hay quien emita respuestas, debido a que s\u00f3lo env\u00eda representantes de las instancias, lo que evita que se d\u00e9 puntual atenci\u00f3n a las exigencias.<\/p>\n\n\n\n<p>Y aun sin terminar el d\u00eda, ya se anuncia una movilizaci\u00f3n para ma\u00f1ana martes en la regi\u00f3n del Istmo de Tehuantepec, por parte de autoridades municipales de Mat\u00edas Romero, la cual de concretarse incluir\u00eda bloqueos carreteros en la zona.&nbsp;<\/p>\n","protected":false},"excerpt":{"rendered":"<p>Evlin Arag\u00f3n\/Zona Roja. Oaxaca de Ju\u00e1rez, Oax., 1 de marzo de 2021.- Como ya se&hellip;<\/p>\n","protected":false},"author":2,"featured_media":24184,"comment_status":"closed","ping_status":"open","sticky":false,"template":"","format":"standard","meta":{"_lmt_disableupdate":"","_lmt_disable":"","_jetpack_memberships_contains_paid_content":false,"footnotes":""},"categories":[109,47],"tags":[2496],"class_list":["post-24183","post","type-post","status-publish","format-standard","has-post-thumbnail","hentry","category-minuto-a-minuto","category-zona-gris","tag-marchas-y-bloqueos-oaxaca"],"jetpack_featured_media_url":"https:\/\/zonaroja.com.mx\/wp-content\/uploads\/2021\/03\/Protestas-Undeci-Oaxaca.jpg","jetpack_sharing_enabled":true,"_links":{"self":[{"href":"https:\/\/zonaroja.com.mx\/index.php?rest_route=\/wp\/v2\/posts\/24183","targetHints":{"allow":["GET"]}}],"collection":[{"href":"https:\/\/zonaroja.com.mx\/index.php?rest_route=\/wp\/v2\/posts"}],"about":[{"href":"https:\/\/zonaroja.com.mx\/index.php?rest_route=\/wp\/v2\/types\/post"}],"author":[{"embeddable":true,"href":"https:\/\/zonaroja.com.mx\/index.php?rest_route=\/wp\/v2\/users\/2"}],"replies":[{"embeddable":true,"href":"https:\/\/zonaroja.com.mx\/index.php?rest_route=%2Fwp%2Fv2%2Fcomments&post=24183"}],"version-history":[{"count":1,"href":"https:\/\/zonaroja.com.mx\/index.php?rest_route=\/wp\/v2\/posts\/24183\/revisions"}],"predecessor-version":[{"id":24185,"href":"https:\/\/zonaroja.com.mx\/index.php?rest_route=\/wp\/v2\/posts\/24183\/revisions\/24185"}],"wp:featuredmedia":[{"embeddable":true,"href":"https:\/\/zonaroja.com.mx\/index.php?rest_route=\/wp\/v2\/media\/24184"}],"wp:attachment":[{"href":"https:\/\/zonaroja.com.mx\/index.php?rest_route=%2Fwp%2Fv2%2Fmedia&parent=24183"}],"wp:term":[{"taxonomy":"category","embeddable":true,"href":"https:\/\/zonaroja.com.mx\/index.php?rest_route=%2Fwp%2Fv2%2Fcategories&post=24183"},{"taxonomy":"post_tag","embeddable":true,"href":"https:\/\/zonaroja.com.mx\/index.php?rest_route=%2Fwp%2Fv2%2Ftags&post=24183"}],"curies":[{"name":"wp","href":"https:\/\/api.w.org\/{rel}","templated":true}]}}