{"id":24186,"date":"2021-03-01T16:12:55","date_gmt":"2021-03-01T22:12:55","guid":{"rendered":"http:\/\/www.zonaroja.com.mx\/?p=24186"},"modified":"2021-03-01T16:13:01","modified_gmt":"2021-03-01T22:13:01","slug":"preocupa-desaparicion-de-mujeres-jovenes-en-oaxaca-surgen-mas-casos","status":"publish","type":"post","link":"https:\/\/zonaroja.com.mx\/?p=24186","title":{"rendered":"Preocupa desaparici\u00f3n de mujeres j\u00f3venes en Oaxaca; surgen m\u00e1s casos"},"content":{"rendered":"\n<p>Evlin Arag\u00f3n\/Zona Roja.<\/p>\n\n\n\n<p>Oaxaca de Ju\u00e1rez, Oax., 1 de marzo de 2021.- \u201cQueremos que las encuentren. Hagan algo Fiscal\u00eda. Ya basta de que personas perversas se lleven a las ni\u00f1as\u201d, refiere uno de los mensajes publicados en redes sociales, principalmente Facebook.<\/p>\n\n\n\n<p>La exigencia de encontrar con vida a las ni\u00f1as y j\u00f3venes desaparecidas, tambi\u00e9n se hizo presente este fin de semana en los grupos de Whatsapp y en cuentas de las distintas redes sociales, desde donde se pidi\u00f3 la difusi\u00f3n masiva de las fichas de b\u00fasqueda emitidas por la autoridad.&nbsp;<\/p>\n\n\n\n<p>La ficha con el rostro de Yesica, de tan solo 13 a\u00f1os de edad, se comparti\u00f3 en m\u00e1s de mil 200 ocasiones desde la p\u00e1gina oficial de la Unidad de B\u00fasqueda de Personas Desaparecida y No Localizadas (DNOL), que dio a conocer que la jovencita fue vista por \u00faltima vez el d\u00eda viernes 26 de febrero en la colonia San Miguel Arc\u00e1ngel, del municipio de Santa Cruz Xoxocotl\u00e1n.\u00a0<\/p>\n\n\n\n<p>As\u00ed mismo, los rostros de Azucena e Ivanna Pamela, de 18 y 14 a\u00f1os de edad, quienes desaparecieron el 24 de febrero: la primera en el centro de Puerto Escondido, en el municipio de San Pedro Mixtepec; y la segunda en el fraccionamiento Reyes Mantec\u00f3n ubicado en el municipio de San Bartolo Coyotepec.<\/p>\n\n\n\n<p>A ellas se unen Sandra, de 16 a\u00f1os de edad, desaparecida en 22 de febrero en San Jos\u00e9 Guelatov\u00e1, Zimatl\u00e1n de \u00c1lvarez, cuya familia ha difundido por varios medios la imagen de la joven; tan solo en la p\u00e1gina de la DNOL su ficha de b\u00fasqueda ha sido compartida m\u00e1s de cuatro mil 200 veces.&nbsp;<\/p>\n\n\n\n<p>Lejos de disminuir la cifra sigue en aumento, y se unen Belinda, de 15 a\u00f1os de edad, quien fue vista por \u00faltima vez el 19 de febrero en San Sim\u00f3n Zahuatl\u00e1n, perteneciente al municipio de Huajuapan de Le\u00f3n.&nbsp;<\/p>\n\n\n\n<p>Arlet Aurora, de 26 a\u00f1os de edad, desaparecida un d\u00eda antes en Trinidad de Viguera, en la capital de Oaxaca; as\u00ed como Cinthia Yenifer, de 22 a\u00f1os, cuyo paradero se desconoce desde el 17 de febrero, tras salir de su domicilio ubicado en el Fraccionamiento Esmeralda, en Hacienda Blanca.&nbsp;<\/p>\n\n\n\n<p>Finalmente, familiares de Victoria, de 16 a\u00f1os de edad, hacen lo propio para ubicarla, luego de ser vista por \u00faltima vez el pasado 15 de enero en la comunidad de R\u00edo Hondo, perteneciente a San Carlos Yautepec.&nbsp;&nbsp;<\/p>\n\n\n\n<p>La desaparici\u00f3n de j\u00f3venes mujeres se ha convertido en una constante en la entidad, sin distinci\u00f3n de regiones y zonas.&nbsp;<\/p>\n\n\n\n<p>De acuerdo con Consorcio Oaxaca en lo que va de la administraci\u00f3n de Alejandro Murat Hinojosa, se tienen el reporte de mil 114 j\u00f3venes reportadas como desaparecidas.<\/p>\n","protected":false},"excerpt":{"rendered":"<p>Evlin Arag\u00f3n\/Zona Roja. Oaxaca de Ju\u00e1rez, Oax., 1 de marzo de 2021.- \u201cQueremos que las&hellip;<\/p>\n","protected":false},"author":2,"featured_media":24187,"comment_status":"closed","ping_status":"open","sticky":false,"template":"","format":"standard","meta":{"_lmt_disableupdate":"","_lmt_disable":"","_jetpack_memberships_contains_paid_content":false,"footnotes":""},"categories":[109,47],"tags":[455],"class_list":["post-24186","post","type-post","status-publish","format-standard","has-post-thumbnail","hentry","category-minuto-a-minuto","category-zona-gris","tag-mujeres-desaparecidas-oaxaca"],"jetpack_featured_media_url":"https:\/\/zonaroja.com.mx\/wp-content\/uploads\/2021\/03\/Desaparecidas-Oaxaca.jpg","jetpack_sharing_enabled":true,"_links":{"self":[{"href":"https:\/\/zonaroja.com.mx\/index.php?rest_route=\/wp\/v2\/posts\/24186","targetHints":{"allow":["GET"]}}],"collection":[{"href":"https:\/\/zonaroja.com.mx\/index.php?rest_route=\/wp\/v2\/posts"}],"about":[{"href":"https:\/\/zonaroja.com.mx\/index.php?rest_route=\/wp\/v2\/types\/post"}],"author":[{"embeddable":true,"href":"https:\/\/zonaroja.com.mx\/index.php?rest_route=\/wp\/v2\/users\/2"}],"replies":[{"embeddable":true,"href":"https:\/\/zonaroja.com.mx\/index.php?rest_route=%2Fwp%2Fv2%2Fcomments&post=24186"}],"version-history":[{"count":1,"href":"https:\/\/zonaroja.com.mx\/index.php?rest_route=\/wp\/v2\/posts\/24186\/revisions"}],"predecessor-version":[{"id":24188,"href":"https:\/\/zonaroja.com.mx\/index.php?rest_route=\/wp\/v2\/posts\/24186\/revisions\/24188"}],"wp:featuredmedia":[{"embeddable":true,"href":"https:\/\/zonaroja.com.mx\/index.php?rest_route=\/wp\/v2\/media\/24187"}],"wp:attachment":[{"href":"https:\/\/zonaroja.com.mx\/index.php?rest_route=%2Fwp%2Fv2%2Fmedia&parent=24186"}],"wp:term":[{"taxonomy":"category","embeddable":true,"href":"https:\/\/zonaroja.com.mx\/index.php?rest_route=%2Fwp%2Fv2%2Fcategories&post=24186"},{"taxonomy":"post_tag","embeddable":true,"href":"https:\/\/zonaroja.com.mx\/index.php?rest_route=%2Fwp%2Fv2%2Ftags&post=24186"}],"curies":[{"name":"wp","href":"https:\/\/api.w.org\/{rel}","templated":true}]}}