{"id":24190,"date":"2021-03-01T17:50:05","date_gmt":"2021-03-01T23:50:05","guid":{"rendered":"https:\/\/www.zonaroja.com.mx\/?p=24190"},"modified":"2021-03-01T20:34:41","modified_gmt":"2021-03-02T02:34:41","slug":"otra-vez-nuevo-brote-de-covid-en-asilo-de-la-capital-24-contagiados-y-un-muerto","status":"publish","type":"post","link":"https:\/\/zonaroja.com.mx\/?p=24190","title":{"rendered":"\u00a1Otra vez! Nuevo brote de Covid en asilo de la capital; 24 contagiados y un muerto"},"content":{"rendered":"\n<p>Redacci\u00f3n\/Zona Roja.<\/p>\n\n\n\n<p>Oaxaca de Ju\u00e1rez, Oax. 1 de marzo de 2021.- Un segundo brote de Covid-19 en medio a\u00f1o en el asilo municipal de Oaxaca de Ju\u00e1rez ha dejado como saldo 24 personas contagiadas, ocho de ellas trabajadores, y un deceso.<\/p>\n\n\n\n<p>A mediados de agosto pasado, en la Casa Hogar Municipal de la capital, ubicada en la agencia de Santa Rosa Panzacola, un brote dej\u00f3 al menos 35 personas contagiadas y otras tres perdieron la vida.<\/p>\n\n\n\n<p>Este lunes, los&nbsp;Servicios de Salud de Oaxaca (SSO), informaron que ante la notificaci\u00f3n de un brote de Covid-19 reportado en la Casa Hogar para Adultos Mayores \u201cSanta Mar\u00eda\u201d, ubicada en Santa Rosa Panzacola, la instituci\u00f3n llev\u00f3 a cabo acciones de detecci\u00f3n, seguimiento y atenci\u00f3n a pacientes sospechosos y enfermos.<\/p>\n\n\n\n<p>Por lo anterior, el pasado 20 de febrero, los SSO dispusieron de una brigada de la Unidad de Inteligencia para Emergencias en Salud (UIES), conformada por un m\u00e9dico, una enfermera y un polivalente.<\/p>\n\n\n\n<p>\u201cDe las 10 muestras para detecci\u00f3n de Covid-19 RT-PCR tomadas a los trabajadores que laboran en este espacio, ocho de ellos fueron diagnosticados como positivos; de los cuales, todos se encuentran estables.<\/p>\n\n\n\n<p>\u201cAdicionalmente, de las 17 pruebas realizadas a los residentes de la Casa Hogar y analizadas en el Laboratorio Estatal de Salud P\u00fablica de Oaxaca, 16 resultaron positivas, por lo que se notific\u00f3 de manera inmediata a los responsables de este lugar para implementar acciones correspondientes que permitan reforzar las medidas preventivas.<\/p>\n\n\n\n<p>\u201cAl momento, 14 residentes se encuentran estables, dos se encuentran internados en el Hospital General de Zona 01 del Instituto Mexicano del Seguro Social (IMSS) y lamentablemente se registr\u00f3 una defunci\u00f3n el pasado 26 de febrero. Respecto al personal que labora en la Casa Hogar, dos han sido dados de alta por mejor\u00eda y el resto se encuentran estables@, detall\u00f3 en un comunicado.<\/p>\n\n\n\n<p>La instituci\u00f3n exhort\u00f3  a visitantes y residentes portar adecuadamente el cubrebocas, lavar las manos frecuentemente, evitar aglomeraciones en el \u00e1rea de comedor y mantener sana distancia de 1.5 metros entre cada persona.<\/p>\n","protected":false},"excerpt":{"rendered":"<p>Redacci\u00f3n\/Zona Roja. Oaxaca de Ju\u00e1rez, Oax. 1 de marzo de 2021.- Un segundo brote de&hellip;<\/p>\n","protected":false},"author":2,"featured_media":24195,"comment_status":"closed","ping_status":"open","sticky":false,"template":"","format":"standard","meta":{"_lmt_disableupdate":"","_lmt_disable":"","_jetpack_memberships_contains_paid_content":false,"footnotes":""},"categories":[109,47],"tags":[1925],"class_list":["post-24190","post","type-post","status-publish","format-standard","has-post-thumbnail","hentry","category-minuto-a-minuto","category-zona-gris","tag-casa-hogar-del-adulto-mayor"],"jetpack_featured_media_url":"https:\/\/zonaroja.com.mx\/wp-content\/uploads\/2021\/03\/Contagios-Casa-Hogar-Oaxaca.jpg","jetpack_sharing_enabled":true,"_links":{"self":[{"href":"https:\/\/zonaroja.com.mx\/index.php?rest_route=\/wp\/v2\/posts\/24190","targetHints":{"allow":["GET"]}}],"collection":[{"href":"https:\/\/zonaroja.com.mx\/index.php?rest_route=\/wp\/v2\/posts"}],"about":[{"href":"https:\/\/zonaroja.com.mx\/index.php?rest_route=\/wp\/v2\/types\/post"}],"author":[{"embeddable":true,"href":"https:\/\/zonaroja.com.mx\/index.php?rest_route=\/wp\/v2\/users\/2"}],"replies":[{"embeddable":true,"href":"https:\/\/zonaroja.com.mx\/index.php?rest_route=%2Fwp%2Fv2%2Fcomments&post=24190"}],"version-history":[{"count":1,"href":"https:\/\/zonaroja.com.mx\/index.php?rest_route=\/wp\/v2\/posts\/24190\/revisions"}],"predecessor-version":[{"id":24191,"href":"https:\/\/zonaroja.com.mx\/index.php?rest_route=\/wp\/v2\/posts\/24190\/revisions\/24191"}],"wp:featuredmedia":[{"embeddable":true,"href":"https:\/\/zonaroja.com.mx\/index.php?rest_route=\/wp\/v2\/media\/24195"}],"wp:attachment":[{"href":"https:\/\/zonaroja.com.mx\/index.php?rest_route=%2Fwp%2Fv2%2Fmedia&parent=24190"}],"wp:term":[{"taxonomy":"category","embeddable":true,"href":"https:\/\/zonaroja.com.mx\/index.php?rest_route=%2Fwp%2Fv2%2Fcategories&post=24190"},{"taxonomy":"post_tag","embeddable":true,"href":"https:\/\/zonaroja.com.mx\/index.php?rest_route=%2Fwp%2Fv2%2Ftags&post=24190"}],"curies":[{"name":"wp","href":"https:\/\/api.w.org\/{rel}","templated":true}]}}