{"id":24204,"date":"2021-03-02T09:00:16","date_gmt":"2021-03-02T15:00:16","guid":{"rendered":"http:\/\/www.zonaroja.com.mx\/?p=24204"},"modified":"2021-03-01T22:05:04","modified_gmt":"2021-03-02T04:05:04","slug":"siguen-quejas-en-hospital-de-tuxtepec-con-unidad-movil-por-falta-de-equipos","status":"publish","type":"post","link":"https:\/\/zonaroja.com.mx\/?p=24204","title":{"rendered":"Siguen quejas en hospital de Tuxtepec con unidad m\u00f3vil, por falta de equipos"},"content":{"rendered":"\n<p>Yuridiana Sosa\/Zona Roja.<\/p>\n\n\n\n<p>San Juan Bautista Tuxtepec, Oax., 2 de marzo de 2021.- La Secci\u00f3n 35 del Sindicato Nacional de Trabajadores de Salud impidi\u00f3 el arribo, este lunes, de una nueva unidad m\u00f3vil de cuidados neonatales para el Hospital de General de Tuxtepec, luego que el gobierno de Oaxaca envi\u00f3 la primera Unidad M\u00f3vil de Terapia Intensiva para Adultos, pero sin insumos, equipo y personal para su operaci\u00f3n, de acuerdo con los trabajadores de salud.<\/p>\n\n\n\n<p>El pasado 25 de febrero, se dio a conocer que el gobernador Alejandro Murat Hinojosa presumi\u00f3 en un acto p\u00fablico desarrollado d\u00edas antes en Tuxtepec sobre la entrega de dicho Hospital M\u00f3vil para combatir la pandemia de Covid-19, el cual estaba completamente equipado, nuevo, listo para su atenci\u00f3n, seg\u00fan declar\u00f3.<\/p>\n\n\n\n<p>En contraparte, la delegaci\u00f3n sindical de la Secci\u00f3n 35 del SNTSA del nosocomio, en voz de Marco Antonio Hern\u00e1ndez, se\u00f1al\u00f3 que el personal del hospital se negaba a ocupar la unidad ante la falta equipamiento.<\/p>\n\n\n\n<p>La Unidad m\u00f3vil se encuentra instalada en el estacionamiento del hospital, ubicado en la zona centro de Tuxtepec. La actividad en \u00e9sta es nula, seg\u00fan se constat\u00f3 en una visita al inmueble.<\/p>\n\n\n\n<p>Pero, los Servicios de Salud de Oaxaca reviraron la versi\u00f3n del sindicato por medio de un comunicado emitido este fin de semana, en el que se\u00f1alan que: se encuentra equipada con tecnolog\u00eda de punta, con un \u00e1rea de seis camas de terapia intensiva debidamente acondicionadas, cada una de ellas con su respectivo ventilador artificial, un \u00e1rea de central de enfermeras y trabajo m\u00e9dico, guarda equipo, vestidores, \u00e1rea de sanitizaci\u00f3n y planta de emergencia. Pero no precisan de su operatividad.<\/p>\n\n\n\n<p>As\u00ed tambi\u00e9n, el gobierno presumi\u00f3 que cuenta con gluc\u00f3metros, ox\u00edmetros port\u00e1tiles, monitores de signos vitales, fluj\u00f3metros, camas electromec\u00e1nicas y un carro rojo para la atenci\u00f3n de emergencias.<\/p>\n\n\n\n<p>Adicionalmente, se entregaron carros de curaci\u00f3n, l\u00e1mparas de pie rodable, buroes cl\u00ednicos, mesas de puente, ri\u00f1ones de acero inoxidable, instrumental m\u00e9dico y c\u00f3modos de aluminio.<\/p>\n\n\n\n<p>Pero la versi\u00f3n sobre un enga\u00f1o por parte de las autoridades estatales, fue reforzada por personal al interior del nosocomio que no forman parte de la gremial.<\/p>\n\n\n\n<p>Mientras que el delegado de la Secci\u00f3n 35 del Hospital, Marco Antonio Hern\u00e1ndez, recalc\u00f3 lo antes expuesto y en entrevista para este medio, se\u00f1al\u00f3 que s\u00f3lo existe un 20 por ciento en equipamiento, pero en su mayor\u00eda lo que ah\u00ed se encuentra es mobiliario b\u00e1sico, pues cuenta con las seis camas, cortinas, dos climas, tarja para lavar material, carro rojo sin equipar; sin insumos, medicamentos, bombas de infusi\u00f3n, desfibriladores, medicamentos, aspiradores.<\/p>\n\n\n\n<p>Por lo que indic\u00f3 la falta de personal m\u00e9dico e incluso, afirm\u00f3 que solo llegaron dos ventiladores mec\u00e1nicos, los cuales son usados y prestados.<\/p>\n\n\n\n<p>Es por ese motivo que no van a permitir m\u00e1s \u201celefantes blancos\u201d en el sistema de salud y mientras no existan las condiciones para operar la primera unidad m\u00f3vil, no van a permitir que se instale la de cuidados neonatales.<\/p>\n\n\n\n<p>El escenario en este nosocomio, de m\u00e1s de 40 a\u00f1os de servicios, es poco favorable para el personal de salud, pues, adem\u00e1s, falta que los Servicios de Salud de Oaxaca designe a un director, ya que desde hace m\u00e1s de dos semanas el \u00e1rea s\u00f3lo cuenta con un encargado.<\/p>\n","protected":false},"excerpt":{"rendered":"<p>Yuridiana Sosa\/Zona Roja. San Juan Bautista Tuxtepec, Oax., 2 de marzo de 2021.- La Secci\u00f3n&hellip;<\/p>\n","protected":false},"author":2,"featured_media":24205,"comment_status":"closed","ping_status":"open","sticky":false,"template":"","format":"standard","meta":{"_lmt_disableupdate":"","_lmt_disable":"","_jetpack_memberships_contains_paid_content":false,"footnotes":""},"categories":[109,47],"tags":[1005],"class_list":["post-24204","post","type-post","status-publish","format-standard","has-post-thumbnail","hentry","category-minuto-a-minuto","category-zona-gris","tag-servicios-de-salud-de-oaxaca-sso"],"jetpack_featured_media_url":"https:\/\/zonaroja.com.mx\/wp-content\/uploads\/2021\/03\/Unidad-movil-hospital-Tuxtepec.jpg","jetpack_sharing_enabled":true,"_links":{"self":[{"href":"https:\/\/zonaroja.com.mx\/index.php?rest_route=\/wp\/v2\/posts\/24204","targetHints":{"allow":["GET"]}}],"collection":[{"href":"https:\/\/zonaroja.com.mx\/index.php?rest_route=\/wp\/v2\/posts"}],"about":[{"href":"https:\/\/zonaroja.com.mx\/index.php?rest_route=\/wp\/v2\/types\/post"}],"author":[{"embeddable":true,"href":"https:\/\/zonaroja.com.mx\/index.php?rest_route=\/wp\/v2\/users\/2"}],"replies":[{"embeddable":true,"href":"https:\/\/zonaroja.com.mx\/index.php?rest_route=%2Fwp%2Fv2%2Fcomments&post=24204"}],"version-history":[{"count":1,"href":"https:\/\/zonaroja.com.mx\/index.php?rest_route=\/wp\/v2\/posts\/24204\/revisions"}],"predecessor-version":[{"id":24206,"href":"https:\/\/zonaroja.com.mx\/index.php?rest_route=\/wp\/v2\/posts\/24204\/revisions\/24206"}],"wp:featuredmedia":[{"embeddable":true,"href":"https:\/\/zonaroja.com.mx\/index.php?rest_route=\/wp\/v2\/media\/24205"}],"wp:attachment":[{"href":"https:\/\/zonaroja.com.mx\/index.php?rest_route=%2Fwp%2Fv2%2Fmedia&parent=24204"}],"wp:term":[{"taxonomy":"category","embeddable":true,"href":"https:\/\/zonaroja.com.mx\/index.php?rest_route=%2Fwp%2Fv2%2Fcategories&post=24204"},{"taxonomy":"post_tag","embeddable":true,"href":"https:\/\/zonaroja.com.mx\/index.php?rest_route=%2Fwp%2Fv2%2Ftags&post=24204"}],"curies":[{"name":"wp","href":"https:\/\/api.w.org\/{rel}","templated":true}]}}