{"id":24207,"date":"2021-03-01T23:10:24","date_gmt":"2021-03-02T05:10:24","guid":{"rendered":"http:\/\/www.zonaroja.com.mx\/?p=24207"},"modified":"2021-03-01T23:10:30","modified_gmt":"2021-03-02T05:10:30","slug":"registro-oaxaca-el-fin-de-semana-167-casos-de-covid-y-32-decesos","status":"publish","type":"post","link":"https:\/\/zonaroja.com.mx\/?p=24207","title":{"rendered":"Registr\u00f3 Oaxaca el fin de semana 167 casos de Covid y 32 decesos"},"content":{"rendered":"\n<p>Redacci\u00f3n\/Zona Roja.<\/p>\n\n\n\n<p>Oaxaca de Ju\u00e1rez, Oax., 1 de marzo de 2021.- Los Servicios de Salud de Oaxaca (SSO), informaron que de los d\u00edas 27 y 28 de febrero, as\u00ed como este 1 de marzo, se han contabilizado 167 casos nuevos de COVID-19, que suman 40 mil 496 acumulados, y 32 defunciones, que suman dos mil 919 acumuladas.<\/p>\n\n\n\n<p>La dependencia se\u00f1al\u00f3 en un comunicado que se han notificado 63 mil 541 casos, de los cuales 18 mil 362 son negativos, cuatro mil 683 son sospechosos, 36 mil 907 se han recuperado, y hay 670 activos.<\/p>\n\n\n\n<p>Mencion\u00f3 que la Jurisdicci\u00f3n Sanitaria n\u00famero uno Valles Centrales, lleva un acumulado de 27 mil 866 casos confirmados y mil 553 defunciones, Istmo tres mil 365 y 472 muertes, Tuxtepec dos mil 533 y 311 decesos, Costa mil 997 y 193 defunciones, Mixteca tres mil 331 y 271 muertes y la Sierra mil 404 y 119 decesos.<\/p>\n\n\n\n<p>Dio a conocer que los 167 casos registrados en los d\u00edas 27 y 28 de febrero, as\u00ed como el 1 de marzo, se encuentran distribuidos en 59 municipios, siendo los que mayor n\u00famero presentan: San Juan Bautista Tuxtepec con 39, Oaxaca de Ju\u00e1rez 31, Santa Cruz Xoxocotl\u00e1n 12, Salina Cruz 11, Ciudad Ixtepec seis, Santa Luc\u00eda del Camino y Santa Mar\u00eda Atzompa cinco cada uno, el resto cuatro, tres, dos y un caso.<\/p>\n\n\n\n<p>Dijo que de las dos mil 919 defunciones, el grupo de edad m\u00e1s afectado es el de 65 y m\u00e1s a\u00f1os, seguido de 50 a 59 y 60 a 64 a\u00f1os, con mil 357, 666 y 425 respectivamente. Por sexo, mil 899 son hombres y mil 20 mujeres. Las comorbilidades asociadas son la hipertensi\u00f3n arterial, diabetes, obesidad e insuficiencia renal.<\/p>\n\n\n\n<figure class=\"wp-block-embed-twitter wp-block-embed is-type-rich is-provider-twitter\"><div class=\"wp-block-embed__wrapper\">\n<div class=\"twitter-tweet\"><blockquote class=\"twitter-tweet\" data-lang=\"es\"><p lang=\"es\" dir=\"ltr\"><a href=\"https:\/\/twitter.com\/hashtag\/%C3%9AltimoMinuto?src=hash&amp;ref_src=twsrc%5Etfw\">#\u00daltimoMinuto<\/a><br>En <a href=\"https:\/\/twitter.com\/hashtag\/Oaxaca?src=hash&amp;ref_src=twsrc%5Etfw\">#Oaxaca<\/a>, en las \u00faltimas 24 horas se registraron nueve decesos, que suman dos mil 919 fallecimientos por Covid; adem\u00e1s, de acuerdo con los SSO, 72 casos positivos, para un total de 40 mil 496  confirmados. Hoy el estado inicia dos semanas m\u00e1s en sem\u00e1foro naranja. <a href=\"https:\/\/t.co\/80JU6bpot7\">pic.twitter.com\/80JU6bpot7<\/a><\/p>&mdash; Zona Roja Oaxaca (@Zona_Roja_Oax) <a href=\"https:\/\/twitter.com\/Zona_Roja_Oax\/status\/1366572652337356801?ref_src=twsrc%5Etfw\">2 de marzo de 2021<\/a><\/blockquote><\/div>\n<\/div><\/figure>\n\n\n\n<p>Asimismo, como cada semana se da a conocer los casos de eventos supuestamente atribuibles a vacunaci\u00f3n (ESAVI) en personal de salud. Al corte del 27 de febrero, se han notificado 453 casos, de los cuales 306 fueron de primera dosis y 147de segunda dosis; cinco son casos fueron reportados como graves de la primera dosis, dos mujeres, una 35 y otra de 56 a\u00f1os, ambas presentaron choque anafil\u00e1ctico, y ya fueron dadas de alta.<\/p>\n\n\n\n<p>El tercer caso de primera dosis, fue un hombre de 26 a\u00f1os con antecedente de neumon\u00eda por probable infecci\u00f3n de COVID-19 previo a la vacunaci\u00f3n. De la segunda dosis, dos mujeres una de 26 y otra de 38 a\u00f1os, presentaron reacciones adversas.<\/p>\n\n\n\n<p>La ocupaci\u00f3n hospitalaria total es del 56.5%, hay 339 camas ocupadas y 261 disponibles de 600. Asimismo, hay 14 hospitales al 100% y 22 nuevos hospitalizados.<\/p>\n","protected":false},"excerpt":{"rendered":"<p>Redacci\u00f3n\/Zona Roja. Oaxaca de Ju\u00e1rez, Oax., 1 de marzo de 2021.- Los Servicios de Salud&hellip;<\/p>\n","protected":false},"author":2,"featured_media":24208,"comment_status":"closed","ping_status":"open","sticky":false,"template":"","format":"standard","meta":{"_lmt_disableupdate":"","_lmt_disable":"","_jetpack_memberships_contains_paid_content":false,"footnotes":""},"categories":[109,47],"tags":[1512],"class_list":["post-24207","post","type-post","status-publish","format-standard","has-post-thumbnail","hentry","category-minuto-a-minuto","category-zona-gris","tag-coronavirus-oaxaca"],"jetpack_featured_media_url":"https:\/\/zonaroja.com.mx\/wp-content\/uploads\/2021\/03\/SSO-2.jpeg","jetpack_sharing_enabled":true,"_links":{"self":[{"href":"https:\/\/zonaroja.com.mx\/index.php?rest_route=\/wp\/v2\/posts\/24207","targetHints":{"allow":["GET"]}}],"collection":[{"href":"https:\/\/zonaroja.com.mx\/index.php?rest_route=\/wp\/v2\/posts"}],"about":[{"href":"https:\/\/zonaroja.com.mx\/index.php?rest_route=\/wp\/v2\/types\/post"}],"author":[{"embeddable":true,"href":"https:\/\/zonaroja.com.mx\/index.php?rest_route=\/wp\/v2\/users\/2"}],"replies":[{"embeddable":true,"href":"https:\/\/zonaroja.com.mx\/index.php?rest_route=%2Fwp%2Fv2%2Fcomments&post=24207"}],"version-history":[{"count":1,"href":"https:\/\/zonaroja.com.mx\/index.php?rest_route=\/wp\/v2\/posts\/24207\/revisions"}],"predecessor-version":[{"id":24209,"href":"https:\/\/zonaroja.com.mx\/index.php?rest_route=\/wp\/v2\/posts\/24207\/revisions\/24209"}],"wp:featuredmedia":[{"embeddable":true,"href":"https:\/\/zonaroja.com.mx\/index.php?rest_route=\/wp\/v2\/media\/24208"}],"wp:attachment":[{"href":"https:\/\/zonaroja.com.mx\/index.php?rest_route=%2Fwp%2Fv2%2Fmedia&parent=24207"}],"wp:term":[{"taxonomy":"category","embeddable":true,"href":"https:\/\/zonaroja.com.mx\/index.php?rest_route=%2Fwp%2Fv2%2Fcategories&post=24207"},{"taxonomy":"post_tag","embeddable":true,"href":"https:\/\/zonaroja.com.mx\/index.php?rest_route=%2Fwp%2Fv2%2Ftags&post=24207"}],"curies":[{"name":"wp","href":"https:\/\/api.w.org\/{rel}","templated":true}]}}