{"id":24217,"date":"2021-03-02T08:05:16","date_gmt":"2021-03-02T14:05:16","guid":{"rendered":"http:\/\/www.zonaroja.com.mx\/?p=24217"},"modified":"2021-03-02T08:05:18","modified_gmt":"2021-03-02T14:05:18","slug":"lo-apunalan-en-santa-maria-el-tule-oaxaca-y-muere-en-ambulancia","status":"publish","type":"post","link":"https:\/\/zonaroja.com.mx\/?p=24217","title":{"rendered":"Lo apu\u00f1alan en Santa Mar\u00eda El Tule, Oaxaca, y muere en ambulancia"},"content":{"rendered":"\n<p>Redacci\u00f3n\/Zona Roja.<\/p>\n\n\n\n<p>Oaxaca de Ju\u00e1rez, Oax., 2 de marzo de 2021.- Una persona del sexo masculino fue apu\u00f1alada en Sana Mar\u00eda El Tule, municipio de la regi\u00f3n Valles Centrales de Oaxaca, pero perdi\u00f3 la vida a bordo de una ambulancia cuando era trasladada a un hospital de la capital.<\/p>\n\n\n\n<p>Los hechos sucedieron alrededor de las 21:45 horas, cuando Alejandro Roberto D. S., de 28 a\u00f1os de edad, fue atacado con arma blanca en la carretera federal 190, tramo Santa Mar\u00eda El Tule-Santa Catalina de Sena.<\/p>\n\n\n\n<p>La ambulancia con n\u00famero 2036 de El Tule le brind\u00f3 los primeros auxilios y lo trasladaba a la ciudad de Oaxaca.<\/p>\n\n\n\n<figure class=\"wp-block-embed-twitter wp-block-embed is-type-rich is-provider-twitter\"><div class=\"wp-block-embed__wrapper\">\n<div class=\"twitter-tweet\"><blockquote class=\"twitter-tweet\" data-lang=\"es\"><p lang=\"es\" dir=\"ltr\"><a href=\"https:\/\/twitter.com\/hashtag\/OaxacaRojo?src=hash&amp;ref_src=twsrc%5Etfw\">#OaxacaRojo<\/a> <br>Como Alejandro Roberto D. S., de 28 a\u00f1os de edad, fue identificada la persona que falleci\u00f3 en una ambulancia en jurisdicci\u00f3n de Santa Luc\u00eda del Camino, tras ser agredida con arma blanca en Santa Mar\u00eda El Tule; Oaxaca. <a href=\"https:\/\/t.co\/YI0I1AkkuI\">pic.twitter.com\/YI0I1AkkuI<\/a><\/p>&mdash; Zona Roja Oaxaca (@Zona_Roja_Oax) <a href=\"https:\/\/twitter.com\/Zona_Roja_Oax\/status\/1366741640539500547?ref_src=twsrc%5Etfw\">2 de marzo de 2021<\/a><\/blockquote><\/div>\n<\/div><\/figure>\n\n\n\n<p>Sin embargo, sobre la v\u00eda federal 190, jurisdicci\u00f3n de Santa Luc\u00eda del Camino, frente al centro comercial Macroplaza, verificaron que ya hab\u00eda perdido la vida, por lo cual esperaron a las autoridades ministeriales.<\/p>\n\n\n\n<p>Casi una hora despu\u00e9s, se present\u00f3 a la zona una patrulla de la polic\u00eda municipal de Santa Luc\u00eda, con n\u00famero A-0036, s\u00f3lo para verificar la situaci\u00f3n.<\/p>\n\n\n\n<p>Alrededor de las 23:00 horas, personal del Instituto de Servicios Periciales de la Fiscal\u00eda General del Estado traslad\u00f3 el cuerpo a sus instalaciones, para las respectivas diligencias; previamente, elementos de la Agencia Estatal de Investigaciones realizaron las primeras diligencias.<\/p>\n","protected":false},"excerpt":{"rendered":"<p>Redacci\u00f3n\/Zona Roja. Oaxaca de Ju\u00e1rez, Oax., 2 de marzo de 2021.- Una persona del sexo&hellip;<\/p>\n","protected":false},"author":2,"featured_media":24218,"comment_status":"closed","ping_status":"open","sticky":false,"template":"","format":"standard","meta":{"_lmt_disableupdate":"","_lmt_disable":"","_jetpack_memberships_contains_paid_content":false,"footnotes":""},"categories":[109,51],"tags":[2031],"class_list":["post-24217","post","type-post","status-publish","format-standard","has-post-thumbnail","hentry","category-minuto-a-minuto","category-zona-roja","tag-santa-maria-el-tule"],"jetpack_featured_media_url":"https:\/\/zonaroja.com.mx\/wp-content\/uploads\/2021\/03\/Apunalado-El-Tule.jpg","jetpack_sharing_enabled":true,"_links":{"self":[{"href":"https:\/\/zonaroja.com.mx\/index.php?rest_route=\/wp\/v2\/posts\/24217","targetHints":{"allow":["GET"]}}],"collection":[{"href":"https:\/\/zonaroja.com.mx\/index.php?rest_route=\/wp\/v2\/posts"}],"about":[{"href":"https:\/\/zonaroja.com.mx\/index.php?rest_route=\/wp\/v2\/types\/post"}],"author":[{"embeddable":true,"href":"https:\/\/zonaroja.com.mx\/index.php?rest_route=\/wp\/v2\/users\/2"}],"replies":[{"embeddable":true,"href":"https:\/\/zonaroja.com.mx\/index.php?rest_route=%2Fwp%2Fv2%2Fcomments&post=24217"}],"version-history":[{"count":1,"href":"https:\/\/zonaroja.com.mx\/index.php?rest_route=\/wp\/v2\/posts\/24217\/revisions"}],"predecessor-version":[{"id":24219,"href":"https:\/\/zonaroja.com.mx\/index.php?rest_route=\/wp\/v2\/posts\/24217\/revisions\/24219"}],"wp:featuredmedia":[{"embeddable":true,"href":"https:\/\/zonaroja.com.mx\/index.php?rest_route=\/wp\/v2\/media\/24218"}],"wp:attachment":[{"href":"https:\/\/zonaroja.com.mx\/index.php?rest_route=%2Fwp%2Fv2%2Fmedia&parent=24217"}],"wp:term":[{"taxonomy":"category","embeddable":true,"href":"https:\/\/zonaroja.com.mx\/index.php?rest_route=%2Fwp%2Fv2%2Fcategories&post=24217"},{"taxonomy":"post_tag","embeddable":true,"href":"https:\/\/zonaroja.com.mx\/index.php?rest_route=%2Fwp%2Fv2%2Ftags&post=24217"}],"curies":[{"name":"wp","href":"https:\/\/api.w.org\/{rel}","templated":true}]}}