{"id":24235,"date":"2021-03-02T15:21:15","date_gmt":"2021-03-02T21:21:15","guid":{"rendered":"http:\/\/www.zonaroja.com.mx\/?p=24235"},"modified":"2021-03-02T15:21:18","modified_gmt":"2021-03-02T21:21:18","slug":"siguen-retenidas-autoridades-en-matias-romero-urge-la-ddhpo-intervencion","status":"publish","type":"post","link":"https:\/\/zonaroja.com.mx\/?p=24235","title":{"rendered":"Siguen retenidas autoridades en Mat\u00edas Romero; urge la DDHPO intervenci\u00f3n"},"content":{"rendered":"\n<p>Redacci\u00f3n\/Zona Roja.<\/p>\n\n\n\n<p>Oaxaca de Ju\u00e1rez, Oax., 2 de marzo de 2021.- Un grupo de abogados, regidores y trabajadores del ayuntamiento de Mat\u00edas Romero Avenda\u00f1o siguen retenidos esta tarde en el inmueble municipal y otro fue trasladado a lugares desconocidos hoy.<\/p>\n\n\n\n<p>En tanto, quienes los encerraron desde ayer por la ma\u00f1ana, bloquearon por unas horas la carretera Trans\u00edstmica, para exigir al gobierno de Oaxaca su intervenci\u00f3n a fin de que presione a la autoridad municipal a que les entregue los recursos presupuestales.<\/p>\n\n\n\n<p>Por su parte, la Defensor\u00eda de los Derechos Humanos del Pueblo de Oaxaca (DDHPO) dict\u00f3 medidas cautelares a favor de personas retenidas en Mat\u00edas Romero de Avenda\u00f1o y trasladadas por pobladores de agencias municipales a un sitio desconocido.<\/p>\n\n\n\n<p>El \u00f3rgano inici\u00f3 el expediente DDHPO\/0322\/(10)\/OAX\/2021, luego que familiares de las personas retenidas establecieran comunicaci\u00f3n de manera directa con la instituci\u00f3n, inform\u00f3 en un comunicado.<\/p>\n\n\n\n<p>Expuso que solicit\u00f3 a la Secretar\u00eda de Seguridad P\u00fablica la adopci\u00f3n de una medida cautelar para que implemente acciones que permitan salvaguardar la integridad f\u00edsica y derechos de las personas retenidas, adem\u00e1s de aquellas que se encuentren involucradas en dicha problem\u00e1tica.<\/p>\n\n\n\n<p>A la Fiscal\u00eda General de Justicia del Estado requiri\u00f3 la implementaci\u00f3n de otra medida cautelar para que inicie la Carpeta de Investigaci\u00f3n por los delitos que pudieran estarse cometiendo, y dentro de la misma dicte las medidas de protecci\u00f3n que resulten necesarias para garantizar la seguridad e integridad de las v\u00edctimas.<\/p>\n\n\n\n<p>En tanto que a la Secretar\u00eda General de Gobierno (Segego), se le pidi\u00f3 fortalecer las acciones que se est\u00e9n realizando para la atenci\u00f3n integral de la problem\u00e1tica, por ejemplo, las mesas de di\u00e1logo entre las partes conflictuadas, esto, con la finalidad de facilitar la conciliaci\u00f3n, acuerdos, as\u00ed como la resoluci\u00f3n de conflictos pol\u00edticos y sociales, buscando coadyuvar en la mantener las relaciones arm\u00f3nicas entre los habitantes de las comunidades involucradas.<\/p>\n\n\n\n<p>Mientras que, a la Guardia Nacional se le solicit\u00f3 en v\u00edas de colaboraci\u00f3n que realice recorridos de seguridad y vigilancia en Mat\u00edas Romero, Oaxaca, as\u00ed como en la poblaci\u00f3n de Palomares, a fin de garantizar la paz social y seguridad, con la finalidad de evitar la consumaci\u00f3n de delitos y\/o violaciones a derechos humanos, y\/o la producci\u00f3n de da\u00f1os de dif\u00edcil e imposible reparaci\u00f3n.<\/p>\n\n\n\n<p>El \u00f3rgano aut\u00f3nomo se\u00f1al\u00f3 que no se puede exigir un derecho o una serie de derechos, violentando los derechos de otra u otras personas. Ya que la satisfacci\u00f3n de demandas concretas, por m\u00e1s justas que estas sean, cuando se violentan otros derechos en su exigencia, pierden legitimidad.<\/p>\n","protected":false},"excerpt":{"rendered":"<p>Redacci\u00f3n\/Zona Roja. Oaxaca de Ju\u00e1rez, Oax., 2 de marzo de 2021.- Un grupo de abogados,&hellip;<\/p>\n","protected":false},"author":2,"featured_media":24236,"comment_status":"closed","ping_status":"open","sticky":false,"template":"","format":"standard","meta":{"_lmt_disableupdate":"","_lmt_disable":"","_jetpack_memberships_contains_paid_content":false,"footnotes":""},"categories":[109,47],"tags":[228],"class_list":["post-24235","post","type-post","status-publish","format-standard","has-post-thumbnail","hentry","category-minuto-a-minuto","category-zona-gris","tag-matias-romero-avendano"],"jetpack_featured_media_url":"https:\/\/zonaroja.com.mx\/wp-content\/uploads\/2021\/03\/Conflicto-Matias-Romero.png","jetpack_sharing_enabled":true,"_links":{"self":[{"href":"https:\/\/zonaroja.com.mx\/index.php?rest_route=\/wp\/v2\/posts\/24235","targetHints":{"allow":["GET"]}}],"collection":[{"href":"https:\/\/zonaroja.com.mx\/index.php?rest_route=\/wp\/v2\/posts"}],"about":[{"href":"https:\/\/zonaroja.com.mx\/index.php?rest_route=\/wp\/v2\/types\/post"}],"author":[{"embeddable":true,"href":"https:\/\/zonaroja.com.mx\/index.php?rest_route=\/wp\/v2\/users\/2"}],"replies":[{"embeddable":true,"href":"https:\/\/zonaroja.com.mx\/index.php?rest_route=%2Fwp%2Fv2%2Fcomments&post=24235"}],"version-history":[{"count":1,"href":"https:\/\/zonaroja.com.mx\/index.php?rest_route=\/wp\/v2\/posts\/24235\/revisions"}],"predecessor-version":[{"id":24237,"href":"https:\/\/zonaroja.com.mx\/index.php?rest_route=\/wp\/v2\/posts\/24235\/revisions\/24237"}],"wp:featuredmedia":[{"embeddable":true,"href":"https:\/\/zonaroja.com.mx\/index.php?rest_route=\/wp\/v2\/media\/24236"}],"wp:attachment":[{"href":"https:\/\/zonaroja.com.mx\/index.php?rest_route=%2Fwp%2Fv2%2Fmedia&parent=24235"}],"wp:term":[{"taxonomy":"category","embeddable":true,"href":"https:\/\/zonaroja.com.mx\/index.php?rest_route=%2Fwp%2Fv2%2Fcategories&post=24235"},{"taxonomy":"post_tag","embeddable":true,"href":"https:\/\/zonaroja.com.mx\/index.php?rest_route=%2Fwp%2Fv2%2Ftags&post=24235"}],"curies":[{"name":"wp","href":"https:\/\/api.w.org\/{rel}","templated":true}]}}