{"id":24238,"date":"2021-03-02T15:31:41","date_gmt":"2021-03-02T21:31:41","guid":{"rendered":"http:\/\/www.zonaroja.com.mx\/?p=24238"},"modified":"2021-03-02T15:31:45","modified_gmt":"2021-03-02T21:31:45","slug":"dirigente-municipal-del-pvem-insiste-en-que-busca-alcaldia-sin-alianzas","status":"publish","type":"post","link":"https:\/\/zonaroja.com.mx\/?p=24238","title":{"rendered":"Dirigente municipal del PVEM insiste en que busca alcald\u00eda, sin alianzas"},"content":{"rendered":"\n<p>Yuridiana Sosa\/Zona Roja.<\/p>\n\n\n\n<p>Oaxaca de Ju\u00e1rez, Oax., 2 de marzo de 2021.- El aspirante a la candidatura para presidencia municipal de Oaxaca de Ju\u00e1rez por el Partido Verde Ecologista de M\u00e9xico (PVEM), Eduardo Reyes Santiago, anunci\u00f3 que contin\u00faa con el proceso ante la Comisi\u00f3n de Honor y Justicia de su partido para lograr su registro.<\/p>\n\n\n\n<p>Luego que la dirigencia estatal que encabeza Jos\u00e9 Antonio Estefan Gillessen neg\u00f3 el registro del dirigente en el Comit\u00e9 Municipal en la capital semanas atr\u00e1s, el aspirante anunci\u00f3 este martes que el Tribunal Estatal Electoral y la Comisi\u00f3n de Honor y Justicia del PVEM a nivel nacional atendieron a su queja.<\/p>\n\n\n\n<p>En conferencia de prensa, Reyes Santiago manifest\u00f3 que ahora m\u00e1s que antes, su decisi\u00f3n de estar en la contienda electoral para el 6 de junio est\u00e1 firme, pero lament\u00f3 que el dirigente Estefan Gillessen no reconozca el procedimiento a su favor.<\/p>\n\n\n\n<figure class=\"wp-block-embed-twitter wp-block-embed is-type-rich is-provider-twitter\"><div class=\"wp-block-embed__wrapper\">\n<div class=\"twitter-tweet\"><blockquote class=\"twitter-tweet\" data-lang=\"es\"><p lang=\"es\" dir=\"ltr\"><a href=\"https:\/\/twitter.com\/hashtag\/%C3%9AltimoMinuto?src=hash&amp;ref_src=twsrc%5Etfw\">#\u00daltimoMinuto<\/a> <br>Ni con el PRI ni con Morena ni con nadie; el PVEM en <a href=\"https:\/\/twitter.com\/hashtag\/Oaxaca?src=hash&amp;ref_src=twsrc%5Etfw\">#Oaxaca<\/a> de Ju\u00e1rez va solo, insisti\u00f3 hoy el dirigente municipal, <a href=\"https:\/\/twitter.com\/Abogado_Reyes?ref_src=twsrc%5Etfw\">@Abogado_Reyes<\/a>, al reiterar que aspira a la presidencia municipal y rechaza las componendas y negocios del dirigente estatal <a href=\"https:\/\/twitter.com\/PepeEstefanG?ref_src=twsrc%5Etfw\">@PepeEstefanG<\/a>. <a href=\"https:\/\/t.co\/nxYgwgOPR0\">pic.twitter.com\/nxYgwgOPR0<\/a><\/p>&mdash; Zona Roja Oaxaca (@Zona_Roja_Oax) <a href=\"https:\/\/twitter.com\/Zona_Roja_Oax\/status\/1366845755563118594?ref_src=twsrc%5Etfw\">2 de marzo de 2021<\/a><\/blockquote><\/div>\n<\/div><\/figure>\n\n\n\n<p>Pues, apenas este lunes cuando particip\u00f3 en una conferencia de prensa con los dirigentes estatales y nacionales del Partido del Trabajo (PT), Jos\u00e9 Antonio Estefan dijo que Reyes Santiago se encontraba en un proceso, pero por \u201ccosas del pasado\u201d.<\/p>\n\n\n\n<p>En dicha conferencia los representantes del PT y del PVEM analizar\u00e1n las posibilidades de una candidatura com\u00fan.<\/p>\n\n\n\n<p>Eduardo Reyes agreg\u00f3 que la dirigencia Estatal recibi\u00f3 requerimientos por parte de la Comisi\u00f3n de Honor y Justicia respecto a la convocatoria que publica para el registro de sus aspirantes, pues el diario o peri\u00f3dico en que debi\u00f3 publicarse debe ser de circulaci\u00f3n regional o estatal, por lo que deber\u00e1 comprobar que cumpli\u00f3 conforme a los estatutos.<\/p>\n\n\n\n<p>Reiter\u00f3 que mantiene su inter\u00e9s para buscar la presidencia municipal por el PVEM, sin necesidad de alianzas con el PRI, el PAN, el PRD o Morena o cualquier otro instituto pol\u00edtico.<\/p>\n","protected":false},"excerpt":{"rendered":"<p>Yuridiana Sosa\/Zona Roja. Oaxaca de Ju\u00e1rez, Oax., 2 de marzo de 2021.- El aspirante a&hellip;<\/p>\n","protected":false},"author":2,"featured_media":24239,"comment_status":"closed","ping_status":"open","sticky":false,"template":"","format":"standard","meta":{"_lmt_disableupdate":"","_lmt_disable":"","_jetpack_memberships_contains_paid_content":false,"footnotes":""},"categories":[109,47],"tags":[2176],"class_list":["post-24238","post","type-post","status-publish","format-standard","has-post-thumbnail","hentry","category-minuto-a-minuto","category-zona-gris","tag-partido-verde-ecologista-de-mexico-pvem"],"jetpack_featured_media_url":"https:\/\/zonaroja.com.mx\/wp-content\/uploads\/2021\/03\/Eduardo-Reyes-PVEM.jpg","jetpack_sharing_enabled":true,"_links":{"self":[{"href":"https:\/\/zonaroja.com.mx\/index.php?rest_route=\/wp\/v2\/posts\/24238","targetHints":{"allow":["GET"]}}],"collection":[{"href":"https:\/\/zonaroja.com.mx\/index.php?rest_route=\/wp\/v2\/posts"}],"about":[{"href":"https:\/\/zonaroja.com.mx\/index.php?rest_route=\/wp\/v2\/types\/post"}],"author":[{"embeddable":true,"href":"https:\/\/zonaroja.com.mx\/index.php?rest_route=\/wp\/v2\/users\/2"}],"replies":[{"embeddable":true,"href":"https:\/\/zonaroja.com.mx\/index.php?rest_route=%2Fwp%2Fv2%2Fcomments&post=24238"}],"version-history":[{"count":1,"href":"https:\/\/zonaroja.com.mx\/index.php?rest_route=\/wp\/v2\/posts\/24238\/revisions"}],"predecessor-version":[{"id":24240,"href":"https:\/\/zonaroja.com.mx\/index.php?rest_route=\/wp\/v2\/posts\/24238\/revisions\/24240"}],"wp:featuredmedia":[{"embeddable":true,"href":"https:\/\/zonaroja.com.mx\/index.php?rest_route=\/wp\/v2\/media\/24239"}],"wp:attachment":[{"href":"https:\/\/zonaroja.com.mx\/index.php?rest_route=%2Fwp%2Fv2%2Fmedia&parent=24238"}],"wp:term":[{"taxonomy":"category","embeddable":true,"href":"https:\/\/zonaroja.com.mx\/index.php?rest_route=%2Fwp%2Fv2%2Fcategories&post=24238"},{"taxonomy":"post_tag","embeddable":true,"href":"https:\/\/zonaroja.com.mx\/index.php?rest_route=%2Fwp%2Fv2%2Ftags&post=24238"}],"curies":[{"name":"wp","href":"https:\/\/api.w.org\/{rel}","templated":true}]}}