{"id":24244,"date":"2021-03-02T21:25:49","date_gmt":"2021-03-03T03:25:49","guid":{"rendered":"http:\/\/www.zonaroja.com.mx\/?p=24244"},"modified":"2021-03-02T21:25:53","modified_gmt":"2021-03-03T03:25:53","slug":"fatima-un-ano-desaparecida-sin-justicia-y-una-madre-desesperada","status":"publish","type":"post","link":"https:\/\/zonaroja.com.mx\/?p=24244","title":{"rendered":"F\u00e1tima: un a\u00f1o desaparecida; sin justicia y una madre desesperada"},"content":{"rendered":"\n<p>Yuridiana Sosa\/Zona Roja.<\/p>\n\n\n\n<p>San Juan Bautista Tuxtepec, Oax., 2 de marzo de 2021.- F\u00e1tima Palacios Moreno desapareci\u00f3 en esta fecha del a\u00f1o 2020 en Tuxtepec; desde entonces, la lucha por encontrarla no se ha detenido por parte de su familia, mientras que la Fiscal\u00eda General del Estado no ha logrado darles respuesta.<\/p>\n\n\n\n<p>Su madre, la se\u00f1ora Luc\u00eda Moreno, marca la fecha con un mensaje: \u201cHoy tiene ya un a\u00f1o que no s\u00e9 de ti, no hay ADN, no hay restos, no hay ninguna se\u00f1al\u201d.<\/p>\n\n\n\n<p>Pues desde junio del a\u00f1o pasado, la Fiscal\u00eda de Oaxaca localiz\u00f3 fragmentos \u00f3seos en una fosa en la comunidad de Zacate Colorado de San Juan Bautista Tuxtepec, donde tambi\u00e9n fue hallado el cuerpo sin vida de una mujer desaparecida en mayo de 2020.<\/p>\n\n\n\n<p>La madre de familia tambi\u00e9n busca la ayuda divina para que la pesadilla acabe: \u201cS\u00f3lo le pido al Alt\u00edsimo que tenga misericordia de esta madre y este padre, que ya se acabe esta angustia, pido igual justicia, no s\u00e9 cu\u00e1ndo ni c\u00f3mo, pero tengo que encontrarte\u201d, escribi\u00f3 esta ma\u00f1ana.<\/p>\n\n\n\n<p>F\u00e1tima Palacios, de 18 a\u00f1os de edad, fue vista por \u00faltima vez el 2 de marzo del a\u00f1o pasado en la colonia Santa Fe del primer casco de esta ciudad de la regi\u00f3n Cuenca.<\/p>\n\n\n\n<p>La joven sali\u00f3 de casa con destino a una cita de trabajo luego de hacer contacto por redes sociales. F\u00e1tima tom\u00f3 un taxi en la colonia San Fe para acudir a la supuesta entrevista de trabajo en la zona de Casas Geo, a orilla de la ciudad, misma zona donde otra joven desaparecida y asesinada fue citada y cercano al lugar donde se localiz\u00f3 la fosa clandestina.<\/p>\n\n\n\n<p>A un a\u00f1o de su desaparici\u00f3n, la se\u00f1ora Luc\u00eda Moreno pide a la poblaci\u00f3n seguir ayud\u00e1ndolos en compartir la informaci\u00f3n y en oraciones por su hija.<\/p>\n","protected":false},"excerpt":{"rendered":"<p>Yuridiana Sosa\/Zona Roja. San Juan Bautista Tuxtepec, Oax., 2 de marzo de 2021.- F\u00e1tima Palacios&hellip;<\/p>\n","protected":false},"author":2,"featured_media":24245,"comment_status":"closed","ping_status":"open","sticky":false,"template":"","format":"standard","meta":{"_lmt_disableupdate":"","_lmt_disable":"","_jetpack_memberships_contains_paid_content":false,"footnotes":""},"categories":[109,47],"tags":[2499],"class_list":["post-24244","post","type-post","status-publish","format-standard","has-post-thumbnail","hentry","category-minuto-a-minuto","category-zona-gris","tag-fatima-palacios-moreno"],"jetpack_featured_media_url":"https:\/\/zonaroja.com.mx\/wp-content\/uploads\/2021\/03\/Fatima-Palacios-Moreno.jpg","jetpack_sharing_enabled":true,"_links":{"self":[{"href":"https:\/\/zonaroja.com.mx\/index.php?rest_route=\/wp\/v2\/posts\/24244","targetHints":{"allow":["GET"]}}],"collection":[{"href":"https:\/\/zonaroja.com.mx\/index.php?rest_route=\/wp\/v2\/posts"}],"about":[{"href":"https:\/\/zonaroja.com.mx\/index.php?rest_route=\/wp\/v2\/types\/post"}],"author":[{"embeddable":true,"href":"https:\/\/zonaroja.com.mx\/index.php?rest_route=\/wp\/v2\/users\/2"}],"replies":[{"embeddable":true,"href":"https:\/\/zonaroja.com.mx\/index.php?rest_route=%2Fwp%2Fv2%2Fcomments&post=24244"}],"version-history":[{"count":1,"href":"https:\/\/zonaroja.com.mx\/index.php?rest_route=\/wp\/v2\/posts\/24244\/revisions"}],"predecessor-version":[{"id":24246,"href":"https:\/\/zonaroja.com.mx\/index.php?rest_route=\/wp\/v2\/posts\/24244\/revisions\/24246"}],"wp:featuredmedia":[{"embeddable":true,"href":"https:\/\/zonaroja.com.mx\/index.php?rest_route=\/wp\/v2\/media\/24245"}],"wp:attachment":[{"href":"https:\/\/zonaroja.com.mx\/index.php?rest_route=%2Fwp%2Fv2%2Fmedia&parent=24244"}],"wp:term":[{"taxonomy":"category","embeddable":true,"href":"https:\/\/zonaroja.com.mx\/index.php?rest_route=%2Fwp%2Fv2%2Fcategories&post=24244"},{"taxonomy":"post_tag","embeddable":true,"href":"https:\/\/zonaroja.com.mx\/index.php?rest_route=%2Fwp%2Fv2%2Ftags&post=24244"}],"curies":[{"name":"wp","href":"https:\/\/api.w.org\/{rel}","templated":true}]}}