{"id":24247,"date":"2021-03-02T21:36:35","date_gmt":"2021-03-03T03:36:35","guid":{"rendered":"http:\/\/www.zonaroja.com.mx\/?p=24247"},"modified":"2021-03-02T21:36:39","modified_gmt":"2021-03-03T03:36:39","slug":"llega-a-oaxaca-caravana-de-madres-victimas-de-feminicidio-van-a-cdmx","status":"publish","type":"post","link":"https:\/\/zonaroja.com.mx\/?p=24247","title":{"rendered":"Llega a Oaxaca caravana de madres v\u00edctimas de feminicidio; van a Cdmx"},"content":{"rendered":"\n<p>Yuridiana Sosa\/Zona Roja.<\/p>\n\n\n\n<p>Oaxaca de Ju\u00e1rez, Oax., 2 de marzo de 2021.- Madres de familia, v\u00edctimas del feminicidio de sus hijas en el estado de Chiapas, arribaron en caravana a la ciudad de Oaxaca, como parte de su movimiento de exigencia de justicia y pidieron a las familias oaxaque\u00f1as que padecen lo mismo, a unirse.<\/p>\n\n\n\n<p>La caravana que parti\u00f3 del estado vecino del sur se dirige a la Ciudad de M\u00e9xico, para demandar atenci\u00f3n directa al Presidente Andr\u00e9s Manuel L\u00f3pez Obrador y exponerle que, en Chiapas, a pesar de las intervenciones de la Secretar\u00eda de Gobernaci\u00f3n, no act\u00faa a favor de las v\u00edctimas.<\/p>\n\n\n\n<p>Mari Cruz Velasco N\u00e1jera es una de las madres de familia chiapanecas que exigen la intervenci\u00f3n de las autoridades federales para que, en su estado, gobernado por Morena, la Fiscal\u00eda General Estatal investigue los asesinatos de sus hijas como feminicidios.<\/p>\n\n\n\n<p>Adriana G\u00f3mez Mart\u00ednez, madre de Jade Guadalupe, expuso que, en el caso de su hija, como el de otras j\u00f3venes, la Fiscal\u00eda de su estado \u201cinvestiga\u201d las muertes como suicidio.<\/p>\n\n\n\n<p>Por este panorama de injusticia, han recurrido a distintas organizaciones para demandar la intervenci\u00f3n de organismo internacionales para las investigaciones de las v\u00edctimas de feminicidio en esa entidad del sureste mexicano.<\/p>\n\n\n\n<p>\u201cEn Chiapas no hay justicia, hay corrupci\u00f3n, impera la impunidad\u201d, manifestaron en su estancia por el z\u00f3calo de la capital de Oaxaca, desde donde pidieron a las familias v\u00edctimas de feminicidio en Oaxaca a unirse a la caravana.<\/p>\n\n\n\n<p>El recorrido por distintos municipios se prev\u00e9 finalice el mi\u00e9rcoles con su arribo a la ciudad de M\u00e9xico, donde permanecer\u00e1n hasta el pr\u00f3ximo 8 de marzo, D\u00eda Internacional de la Mujer, cuando tambi\u00e9n se movilizar\u00e1n.<\/p>\n","protected":false},"excerpt":{"rendered":"<p>Yuridiana Sosa\/Zona Roja. Oaxaca de Ju\u00e1rez, Oax., 2 de marzo de 2021.- Madres de familia,&hellip;<\/p>\n","protected":false},"author":2,"featured_media":24248,"comment_status":"closed","ping_status":"open","sticky":false,"template":"","format":"standard","meta":{"_lmt_disableupdate":"","_lmt_disable":"","_jetpack_memberships_contains_paid_content":false,"footnotes":""},"categories":[109,47],"tags":[],"class_list":["post-24247","post","type-post","status-publish","format-standard","has-post-thumbnail","hentry","category-minuto-a-minuto","category-zona-gris"],"jetpack_featured_media_url":"https:\/\/zonaroja.com.mx\/wp-content\/uploads\/2021\/03\/Protesta-desaparecidos-Chiapas.jpg","jetpack_sharing_enabled":true,"_links":{"self":[{"href":"https:\/\/zonaroja.com.mx\/index.php?rest_route=\/wp\/v2\/posts\/24247","targetHints":{"allow":["GET"]}}],"collection":[{"href":"https:\/\/zonaroja.com.mx\/index.php?rest_route=\/wp\/v2\/posts"}],"about":[{"href":"https:\/\/zonaroja.com.mx\/index.php?rest_route=\/wp\/v2\/types\/post"}],"author":[{"embeddable":true,"href":"https:\/\/zonaroja.com.mx\/index.php?rest_route=\/wp\/v2\/users\/2"}],"replies":[{"embeddable":true,"href":"https:\/\/zonaroja.com.mx\/index.php?rest_route=%2Fwp%2Fv2%2Fcomments&post=24247"}],"version-history":[{"count":1,"href":"https:\/\/zonaroja.com.mx\/index.php?rest_route=\/wp\/v2\/posts\/24247\/revisions"}],"predecessor-version":[{"id":24249,"href":"https:\/\/zonaroja.com.mx\/index.php?rest_route=\/wp\/v2\/posts\/24247\/revisions\/24249"}],"wp:featuredmedia":[{"embeddable":true,"href":"https:\/\/zonaroja.com.mx\/index.php?rest_route=\/wp\/v2\/media\/24248"}],"wp:attachment":[{"href":"https:\/\/zonaroja.com.mx\/index.php?rest_route=%2Fwp%2Fv2%2Fmedia&parent=24247"}],"wp:term":[{"taxonomy":"category","embeddable":true,"href":"https:\/\/zonaroja.com.mx\/index.php?rest_route=%2Fwp%2Fv2%2Fcategories&post=24247"},{"taxonomy":"post_tag","embeddable":true,"href":"https:\/\/zonaroja.com.mx\/index.php?rest_route=%2Fwp%2Fv2%2Ftags&post=24247"}],"curies":[{"name":"wp","href":"https:\/\/api.w.org\/{rel}","templated":true}]}}