{"id":24254,"date":"2021-03-03T09:05:52","date_gmt":"2021-03-03T15:05:52","guid":{"rendered":"http:\/\/www.zonaroja.com.mx\/?p=24254"},"modified":"2021-03-02T22:06:40","modified_gmt":"2021-03-03T04:06:40","slug":"opinion-relumbron","status":"publish","type":"post","link":"https:\/\/zonaroja.com.mx\/?p=24254","title":{"rendered":"Opini\u00f3n. Relumbr\u00f3n"},"content":{"rendered":"\n<p>Gibr\u00e1n Ram\u00edrez Reyes*<\/p>\n\n\n\n<p>Pocos estados sintetizan los pendientes del pa\u00eds como Guerrero, Chiapas y Oaxaca, pero seguramente este \u00faltimo tiene la situaci\u00f3n m\u00e1s compleja, por causas geogr\u00e1ficas e hist\u00f3ricas que ser\u00eda muy largo glosar.<\/p>\n\n\n\n<p>Oaxaca sigue siendo uno de los estados m\u00e1s atrasados, m\u00e1s pobres, m\u00e1s desiguales y, en general, con m\u00e1s carencias.<\/p>\n\n\n\n<p>La escolaridad (7.5 a\u00f1os), pobreza moderada (43.1 por ciento) y extrema (23.3); la informalidad de la econom\u00eda (76 por ciento de la poblaci\u00f3n carece de seguridad social), y el rezago multidimensional han sobrepuesto tareas que en otros sitios se han ido superando en otras etapas.<\/p>\n\n\n\n<p>Pese a los cambios de los siglos y los a\u00f1os, pese a la alternancia, hay regiones con problemas decimon\u00f3nicos, pero sumados a las brutales dificultades del per\u00edodo neoliberal que han consumido a muchas comunidades que hab\u00edan resistido por d\u00e9cadas o siglos con cierto orden o cierta paz.<\/p>\n\n\n\n<p>Las dificultades de muchos tiempos son contempor\u00e1neas entre ellas, est\u00e1n todas presentes, sumando m\u00e1s problemas que soluciones conforme pasa el tiempo.<\/p>\n\n\n\n<p>Por ello, la labor de gobierno requerir\u00eda de enorme creatividad para el desarrollo, para generar estrategias de formalizaci\u00f3n econ\u00f3mica, f\u00f3rmulas masivas de econom\u00eda social \u2013como la que mostraron esta semana Guillermo Santiago del Imjuve y el Inaes al inaugurar una F\u00e1brica de Econom\u00eda Solidaria en Ciudad Ixtepec\u2014, pol\u00edtica p\u00fablica situada.<\/p>\n\n\n\n<p>El gobierno federal lo sabe y emprende proyectos que pueden remontar el atraso secular.<\/p>\n\n\n\n<p>El proyecto madre, uno de los m\u00e1s importantes del sexenio, es el corredor Trans\u00edstmico, que tendr\u00e1 asociados a \u00e9l puntos de desarrollo industrial y urbano, adem\u00e1s de educaci\u00f3n polit\u00e9cnica, pero hay muchos m\u00e1s, desde grandes carreteras hasta caminos rurales que conectan a las cabeceras municipales, y varios otros que ha recordado Flavio Sosa en su art\u00edculo de Jacobin del pasado 26 de febrero.<\/p>\n\n\n\n<p>El gobernador ha preferido reivindicar, al contrario, su presencia fantasmag\u00f3rica, apenas rota para convertirse en un porrista ocasional del gobierno federal, quiz\u00e1 solo para disimular su inacci\u00f3n, al mismo tiempo que realiza giras en que funge como una especie de presidente de fundaci\u00f3n o un macro presidente municipal \u2014como todo, menos como gobernador\u2014: entrega sanitizante para mercados, un poquito de dinero, otro poquito de mobiliario escolar, pone techumbres, entrega peque\u00f1os cuartos-dormitorio, certifica polic\u00edas municipales, regala sillas de ruedas, motopatrullas, entrega una que otra ambulancia o habilita registros civiles, mientras su esposa entrega utensilios de cocina, m\u00e1quinas de coser, y otros artilugios para enga\u00f1ar a la precariedad en una campa\u00f1a apenas disimulada.<\/p>\n\n\n\n<p>A falta de proyecto de gobierno, la f\u00f3rmula para la muy presumida gobernabilidad parece el relumbr\u00f3n constante de peque\u00f1a escala, adicionado con el control paternal de medios y poderes f\u00e1cticos, sin duda un m\u00e9todo aprendido en Columbia.<\/p>\n\n\n\n<p>Ante la necesidad de cooperaci\u00f3n, seguramente el presidente prefiere un gobernador como este, que, aunque ayude poco, por lo menos no estorbe.<\/p>\n\n\n\n<p>Llama la atenci\u00f3n, sin embargo, que siendo uno de los gobernadores con mejor prensa, incluso en diarios considerados progresistas, sea de los de media tabla para abajo en aprobaci\u00f3n.<\/p>\n\n\n\n<p>Al parecer la brecha entre el esfuerzo tit\u00e1nico del gobierno federal y su amable lapa (vive pegado a la roca firme) no puede llenarse con fueguitos de artificio.<\/p>\n\n\n\n<p>* Doctor en Ciencia Pol\u00edtica por la UNAM.<\/p>\n","protected":false},"excerpt":{"rendered":"<p>Gibr\u00e1n Ram\u00edrez Reyes* Pocos estados sintetizan los pendientes del pa\u00eds como Guerrero, Chiapas y Oaxaca,&hellip;<\/p>\n","protected":false},"author":2,"featured_media":24099,"comment_status":"closed","ping_status":"open","sticky":false,"template":"","format":"standard","meta":{"_lmt_disableupdate":"","_lmt_disable":"","_jetpack_memberships_contains_paid_content":false,"footnotes":""},"categories":[456,109,46],"tags":[2489],"class_list":["post-24254","post","type-post","status-publish","format-standard","has-post-thumbnail","hentry","category-columna","category-minuto-a-minuto","category-zona-blanca","tag-gibran-ramirez-reyes"],"jetpack_featured_media_url":"https:\/\/zonaroja.com.mx\/wp-content\/uploads\/2021\/02\/Gibran-Ramirez-Reyes.jpg","jetpack_sharing_enabled":true,"_links":{"self":[{"href":"https:\/\/zonaroja.com.mx\/index.php?rest_route=\/wp\/v2\/posts\/24254","targetHints":{"allow":["GET"]}}],"collection":[{"href":"https:\/\/zonaroja.com.mx\/index.php?rest_route=\/wp\/v2\/posts"}],"about":[{"href":"https:\/\/zonaroja.com.mx\/index.php?rest_route=\/wp\/v2\/types\/post"}],"author":[{"embeddable":true,"href":"https:\/\/zonaroja.com.mx\/index.php?rest_route=\/wp\/v2\/users\/2"}],"replies":[{"embeddable":true,"href":"https:\/\/zonaroja.com.mx\/index.php?rest_route=%2Fwp%2Fv2%2Fcomments&post=24254"}],"version-history":[{"count":1,"href":"https:\/\/zonaroja.com.mx\/index.php?rest_route=\/wp\/v2\/posts\/24254\/revisions"}],"predecessor-version":[{"id":24255,"href":"https:\/\/zonaroja.com.mx\/index.php?rest_route=\/wp\/v2\/posts\/24254\/revisions\/24255"}],"wp:featuredmedia":[{"embeddable":true,"href":"https:\/\/zonaroja.com.mx\/index.php?rest_route=\/wp\/v2\/media\/24099"}],"wp:attachment":[{"href":"https:\/\/zonaroja.com.mx\/index.php?rest_route=%2Fwp%2Fv2%2Fmedia&parent=24254"}],"wp:term":[{"taxonomy":"category","embeddable":true,"href":"https:\/\/zonaroja.com.mx\/index.php?rest_route=%2Fwp%2Fv2%2Fcategories&post=24254"},{"taxonomy":"post_tag","embeddable":true,"href":"https:\/\/zonaroja.com.mx\/index.php?rest_route=%2Fwp%2Fv2%2Ftags&post=24254"}],"curies":[{"name":"wp","href":"https:\/\/api.w.org\/{rel}","templated":true}]}}