{"id":24256,"date":"2021-03-03T07:34:23","date_gmt":"2021-03-03T13:34:23","guid":{"rendered":"http:\/\/www.zonaroja.com.mx\/?p=24256"},"modified":"2021-03-03T07:34:35","modified_gmt":"2021-03-03T13:34:35","slug":"policias-municipales-de-ocotlan-detienen-a-plagiarios-fiscalia-se-arrogo-hecho","status":"publish","type":"post","link":"https:\/\/zonaroja.com.mx\/?p=24256","title":{"rendered":"Polic\u00edas municipales de Ocotl\u00e1n detienen a plagiarios; Fiscal\u00eda se arrog\u00f3 hecho"},"content":{"rendered":"\n<p>Redacci\u00f3n\/Zona Roja.<\/p>\n\n\n\n<p>Oaxaca de Ju\u00e1rez, Oax., 3 de marzo de 2021.- Una banda de presuntos secuestradores fue detenida ayer por elementos de la polic\u00eda municipal de Ocotl\u00e1n de Morelos, adem\u00e1s de rescatar a una v\u00edctima.<\/p>\n\n\n\n<p>Sin embargo, la Fiscal\u00eda General del Estado de Oaxaca se atribuy\u00f3 la acci\u00f3n, sin tomar en cuenta la participaci\u00f3n de personal de la Polic\u00eda Estatal y de los uniformados de ese municipio de la regi\u00f3n Valles Centrales de Oaxaca.<\/p>\n\n\n\n<p>\u201cLa @FISCALIA_GobOax, a trav\u00e9s de la @AEI_Oaxaca, logr\u00f3 liberar a una persona privada de su libertad en #Ocotl\u00e1nDeMorelos, misma que fue rescatada tras la detenci\u00f3n en flagrancia de 10 probables plagiarios. La #FGEO implement\u00f3 un operativo que permiti\u00f3 la liberaci\u00f3n de la v\u00edctima\u201d, difundi\u00f3 en sus redes sociales.<\/p>\n\n\n\n<p>Se trata de una mujer junto con su abogado y ocho trabajadores quienes fueron detenidos cuando ten\u00edan presuntamente secuestrado a un empleado de una inmobiliaria en una casa de seguridad, frente a la Universidad del Valle.<\/p>\n\n\n\n<p>Los hechos sucedieron alrededor de las 15:00 horas cuando fue reportado el supuesto plagio, por lo cual se movilizaron los polic\u00edas municipales, que pidieron refuerzos a la Agencia Estatal de Investigaciones y a la Polic\u00eda Estatal.<\/p>\n\n\n\n<p>En la casa de seguridad fue rescatado un hombre de 28 a\u00f1os de edad, empleado de la inmobiliaria y procedieron al arresto de la se\u00f1ora Gemma A.D.M., su abogado, Omar H.M., y ocho personas m\u00e1s; la mujer llevaba una pistola calibre nueve mil\u00edmetros y llevaba un chaleco t\u00e1ctico.<\/p>\n\n\n\n<p>Las diez personas fueron trasladadas a las instalaciones de la Fiscal\u00eda General del estado en Ciudad Judicial, San Bartolo Coyotepec, para quedar a disposici\u00f3n del agente del Ministerio P\u00fablico.<\/p>\n\n\n\n<figure class=\"wp-block-embed-twitter wp-block-embed is-type-rich is-provider-twitter\"><div class=\"wp-block-embed__wrapper\">\n<div class=\"twitter-tweet\"><blockquote class=\"twitter-tweet\" data-lang=\"es\"><p lang=\"es\" dir=\"ltr\"><a href=\"https:\/\/twitter.com\/hashtag\/%C3%9AltimoMinuto?src=hash&amp;ref_src=twsrc%5Etfw\">#\u00daltimoMinuto<\/a> <br>Esta tarde, polic\u00edas municipales de <a href=\"https:\/\/twitter.com\/hashtag\/Ocotl%C3%A1n?src=hash&amp;ref_src=twsrc%5Etfw\">#Ocotl\u00e1n<\/a> de Morelos, <a href=\"https:\/\/twitter.com\/hashtag\/Oaxaca?src=hash&amp;ref_src=twsrc%5Etfw\">#Oaxaca<\/a>, capturaron a una banda de presuntos secuestradores, y con el apoyo de la <a href=\"https:\/\/twitter.com\/AEI_Oaxaca?ref_src=twsrc%5Etfw\">@AEI_Oaxaca<\/a> y de la <a href=\"https:\/\/twitter.com\/Policia_GobOax?ref_src=twsrc%5Etfw\">@Policia_GobOax<\/a>, capturaron a delincuentes. <a href=\"https:\/\/t.co\/uKips0dS7N\">pic.twitter.com\/uKips0dS7N<\/a><\/p>&mdash; Zona Roja Oaxaca (@Zona_Roja_Oax) <a href=\"https:\/\/twitter.com\/Zona_Roja_Oax\/status\/1366908737823383555?ref_src=twsrc%5Etfw\">3 de marzo de 2021<\/a><\/blockquote><\/div>\n<\/div><\/figure>\n\n\n\n<p>ZONA CRIMINAL<\/p>\n\n\n\n<p>En la zona de Ocotl\u00e1n de Morelos han ocurrido otros hechos delictivos tambi\u00e9n por la disputa de terrenos que cuentan con documentos ap\u00f3crifos y lo cual ha dejado muertos.<\/p>\n\n\n\n<p>Uno de los casos fue el ocurrido el 3 de febrero del presente a\u00f1o cuando Bernarda R. D., de 54 a\u00f1os de edad, e Isela L. M., de 36 a\u00f1os, familiares del comunicador \u00c9dgar Leyva, fueron asesinadas a balazos en el predio que se encuentra en disputa a unos metros del libramiento, frente al balneario \u201cLa Granja\u201d, en Ocotl\u00e1n de Morelos.<\/p>\n\n\n\n<p>Sobre el caso se encuentran detenidos el abogado Pablo D.G. e Ismael, conocido como \u201cEl Tatuado\u201d, cuya situaci\u00f3n jur\u00eddica se determinar\u00e1 en las pr\u00f3ximas horas.<\/p>\n\n\n\n<figure class=\"wp-block-embed-twitter wp-block-embed is-type-rich is-provider-twitter\"><div class=\"wp-block-embed__wrapper\">\n<div class=\"twitter-tweet\"><blockquote class=\"twitter-tweet\" data-lang=\"es\"><p lang=\"es\" dir=\"ltr\">La <a href=\"https:\/\/twitter.com\/FISCALIA_GobOax?ref_src=twsrc%5Etfw\">@FISCALIA_GobOax<\/a>, a trav\u00e9s de la <a href=\"https:\/\/twitter.com\/AEI_Oaxaca?ref_src=twsrc%5Etfw\">@AEI_Oaxaca<\/a>, logr\u00f3 liberar a una persona privada de su libertad en <a href=\"https:\/\/twitter.com\/hashtag\/Ocotl%C3%A1nDeMorelos?src=hash&amp;ref_src=twsrc%5Etfw\">#Ocotl\u00e1nDeMorelos<\/a>, misma que fue rescatada tras la detenci\u00f3n en flagrancia de 10 probables plagiarios. La <a href=\"https:\/\/twitter.com\/hashtag\/FGEO?src=hash&amp;ref_src=twsrc%5Etfw\">#FGEO<\/a> implement\u00f3 un operativo que permiti\u00f3 la liberaci\u00f3n de la v\u00edctima. <a href=\"https:\/\/t.co\/rpN0UUN8gy\">pic.twitter.com\/rpN0UUN8gy<\/a><\/p>&mdash; Fiscal\u00eda General (@FISCALIA_GobOax) <a href=\"https:\/\/twitter.com\/FISCALIA_GobOax\/status\/1366865121981706252?ref_src=twsrc%5Etfw\">2 de marzo de 2021<\/a><\/blockquote><\/div>\n<\/div><\/figure>\n","protected":false},"excerpt":{"rendered":"<p>Redacci\u00f3n\/Zona Roja. Oaxaca de Ju\u00e1rez, Oax., 3 de marzo de 2021.- Una banda de presuntos&hellip;<\/p>\n","protected":false},"author":2,"featured_media":24257,"comment_status":"closed","ping_status":"open","sticky":false,"template":"","format":"standard","meta":{"_lmt_disableupdate":"","_lmt_disable":"","_jetpack_memberships_contains_paid_content":false,"footnotes":""},"categories":[109,47],"tags":[835],"class_list":["post-24256","post","type-post","status-publish","format-standard","has-post-thumbnail","hentry","category-minuto-a-minuto","category-zona-gris","tag-ocotlan-de-morelos"],"jetpack_featured_media_url":"https:\/\/zonaroja.com.mx\/wp-content\/uploads\/2021\/03\/Secuestradores-Ocotlan.jpg","jetpack_sharing_enabled":true,"_links":{"self":[{"href":"https:\/\/zonaroja.com.mx\/index.php?rest_route=\/wp\/v2\/posts\/24256","targetHints":{"allow":["GET"]}}],"collection":[{"href":"https:\/\/zonaroja.com.mx\/index.php?rest_route=\/wp\/v2\/posts"}],"about":[{"href":"https:\/\/zonaroja.com.mx\/index.php?rest_route=\/wp\/v2\/types\/post"}],"author":[{"embeddable":true,"href":"https:\/\/zonaroja.com.mx\/index.php?rest_route=\/wp\/v2\/users\/2"}],"replies":[{"embeddable":true,"href":"https:\/\/zonaroja.com.mx\/index.php?rest_route=%2Fwp%2Fv2%2Fcomments&post=24256"}],"version-history":[{"count":1,"href":"https:\/\/zonaroja.com.mx\/index.php?rest_route=\/wp\/v2\/posts\/24256\/revisions"}],"predecessor-version":[{"id":24258,"href":"https:\/\/zonaroja.com.mx\/index.php?rest_route=\/wp\/v2\/posts\/24256\/revisions\/24258"}],"wp:featuredmedia":[{"embeddable":true,"href":"https:\/\/zonaroja.com.mx\/index.php?rest_route=\/wp\/v2\/media\/24257"}],"wp:attachment":[{"href":"https:\/\/zonaroja.com.mx\/index.php?rest_route=%2Fwp%2Fv2%2Fmedia&parent=24256"}],"wp:term":[{"taxonomy":"category","embeddable":true,"href":"https:\/\/zonaroja.com.mx\/index.php?rest_route=%2Fwp%2Fv2%2Fcategories&post=24256"},{"taxonomy":"post_tag","embeddable":true,"href":"https:\/\/zonaroja.com.mx\/index.php?rest_route=%2Fwp%2Fv2%2Ftags&post=24256"}],"curies":[{"name":"wp","href":"https:\/\/api.w.org\/{rel}","templated":true}]}}