{"id":24259,"date":"2021-03-03T07:46:37","date_gmt":"2021-03-03T13:46:37","guid":{"rendered":"http:\/\/www.zonaroja.com.mx\/?p=24259"},"modified":"2021-03-03T07:46:41","modified_gmt":"2021-03-03T13:46:41","slug":"poder-judicial-de-oaxaca-y-cepiadet-coeditan-dos-libros-sobre-jurisdiccion-indigena","status":"publish","type":"post","link":"https:\/\/zonaroja.com.mx\/?p=24259","title":{"rendered":"Poder Judicial de Oaxaca y Cepiadet coeditan dos libros sobre jurisdicci\u00f3n ind\u00edgena"},"content":{"rendered":"\n<p>Redacci\u00f3n\/Zona Roja.<\/p>\n\n\n\n<p>Oaxaca de Ju\u00e1rez, Oax., 3 de marzo de 2021.- Para el Poder Judicial del Estado es esencial que la jurisdicci\u00f3n ind\u00edgena se reconozca como parte articuladora de los sistemas de justicia que coexisten en M\u00e9xico y en Oaxaca; por tal motivo, la instituci\u00f3n particip\u00f3 en la coedici\u00f3n de dos libros del Centro Profesional Ind\u00edgena de Asesor\u00eda, Defensa y Traducci\u00f3n (Cepiadet).<\/p>\n\n\n\n<p>En el marco del Congreso Virtual \u00abIntercambio de experiencias para el Di\u00e1logo entre Justicias\u00bb, organizado el 19 y 20 de febrero pasado, se dio a conocer este material que re\u00fane diversas voces, puntos de vista y opiniones de instituciones estatales encargadas de la impartici\u00f3n de justicia, as\u00ed como criterios de autoridades comunitarias.<\/p>\n\n\n\n<p>El libro \u201cDerechos de los pueblos ind\u00edgenas. Experiencias desde la defensa, administraci\u00f3n, procuraci\u00f3n y justicia en Oaxaca\u201d, est\u00e1 dirigido a las y los servidores p\u00fablicos de las diversas instituciones que operan el sistema de justicia en Oaxaca, con el fin de que cuenten con un an\u00e1lisis desde las perspectivas sociales, las diversas relaciones entre la justicia de las comunidades ind\u00edgenas y la estatal.<\/p>\n\n\n\n<p>Por otra parte, la obra \u201cJurisdicci\u00f3n Ind\u00edgena. Herramientas para fortalecer la impartici\u00f3n de justicia y el ejercicio de derechos\u201d, re\u00fane el trabajo de acompa\u00f1amiento y di\u00e1logo desde una l\u00ednea estrat\u00e9gica generada en el Centro Profesional Ind\u00edgena de Asesor\u00eda, Defensa y Traducci\u00f3n (Cepiadet) para el fortalecimiento colectivo de las comunidades ind\u00edgenas.<\/p>\n\n\n\n<p>Con estos textos se pretende brindar respuestas concretas a las dudas que las autoridades ind\u00edgenas tienen al momento de ejercer su jurisdicci\u00f3n, especialmente, durante el proceso de interrelaci\u00f3n con las instituciones en materia de procuraci\u00f3n, defensa e impartici\u00f3n de justicia.<\/p>\n\n\n\n<p>Durante la clausura de los trabajos del Congreso Virtual \u00abIntercambio de experiencias para el Di\u00e1logo entre Justicias\u00bb, el magistrado Luis Enrique Cordero Aguilar, presidente de la Sala de Justicia Ind\u00edgena y Quinta Sala Penal del Tribunal Superior de Justicia del Estado (TSJE), destac\u00f3 el inter\u00e9s del magistrado presidente Eduardo Pinacho S\u00e1nchez, de generar alianzas con organizaciones de la sociedad civil y fortalecer temas como el de pluralismo jur\u00eddico.<\/p>\n","protected":false},"excerpt":{"rendered":"<p>Redacci\u00f3n\/Zona Roja. Oaxaca de Ju\u00e1rez, Oax., 3 de marzo de 2021.- Para el Poder Judicial&hellip;<\/p>\n","protected":false},"author":2,"featured_media":24260,"comment_status":"closed","ping_status":"open","sticky":false,"template":"","format":"standard","meta":{"_lmt_disableupdate":"","_lmt_disable":"","_jetpack_memberships_contains_paid_content":false,"footnotes":""},"categories":[109,46],"tags":[223],"class_list":["post-24259","post","type-post","status-publish","format-standard","has-post-thumbnail","hentry","category-minuto-a-minuto","category-zona-blanca","tag-poder-judicial-de-oaxaca"],"jetpack_featured_media_url":"https:\/\/zonaroja.com.mx\/wp-content\/uploads\/2021\/03\/Presentacion-de-libros-coeditados-por-el-PJE-y-Cepiadet.jpg","jetpack_sharing_enabled":true,"_links":{"self":[{"href":"https:\/\/zonaroja.com.mx\/index.php?rest_route=\/wp\/v2\/posts\/24259","targetHints":{"allow":["GET"]}}],"collection":[{"href":"https:\/\/zonaroja.com.mx\/index.php?rest_route=\/wp\/v2\/posts"}],"about":[{"href":"https:\/\/zonaroja.com.mx\/index.php?rest_route=\/wp\/v2\/types\/post"}],"author":[{"embeddable":true,"href":"https:\/\/zonaroja.com.mx\/index.php?rest_route=\/wp\/v2\/users\/2"}],"replies":[{"embeddable":true,"href":"https:\/\/zonaroja.com.mx\/index.php?rest_route=%2Fwp%2Fv2%2Fcomments&post=24259"}],"version-history":[{"count":1,"href":"https:\/\/zonaroja.com.mx\/index.php?rest_route=\/wp\/v2\/posts\/24259\/revisions"}],"predecessor-version":[{"id":24261,"href":"https:\/\/zonaroja.com.mx\/index.php?rest_route=\/wp\/v2\/posts\/24259\/revisions\/24261"}],"wp:featuredmedia":[{"embeddable":true,"href":"https:\/\/zonaroja.com.mx\/index.php?rest_route=\/wp\/v2\/media\/24260"}],"wp:attachment":[{"href":"https:\/\/zonaroja.com.mx\/index.php?rest_route=%2Fwp%2Fv2%2Fmedia&parent=24259"}],"wp:term":[{"taxonomy":"category","embeddable":true,"href":"https:\/\/zonaroja.com.mx\/index.php?rest_route=%2Fwp%2Fv2%2Fcategories&post=24259"},{"taxonomy":"post_tag","embeddable":true,"href":"https:\/\/zonaroja.com.mx\/index.php?rest_route=%2Fwp%2Fv2%2Ftags&post=24259"}],"curies":[{"name":"wp","href":"https:\/\/api.w.org\/{rel}","templated":true}]}}