{"id":24262,"date":"2021-03-03T07:57:03","date_gmt":"2021-03-03T13:57:03","guid":{"rendered":"http:\/\/www.zonaroja.com.mx\/?p=24262"},"modified":"2021-03-03T07:57:09","modified_gmt":"2021-03-03T13:57:09","slug":"legisladores-oaxaquenos-evidenciados-por-ejercer-violencia-contra-las-mujeres","status":"publish","type":"post","link":"https:\/\/zonaroja.com.mx\/?p=24262","title":{"rendered":"Legisladores oaxaque\u00f1os evidenciados por ejercer violencia contra las mujeres"},"content":{"rendered":"\n<p>Evlin Arag\u00f3n\/Zona Roja.<\/p>\n\n\n\n<p>Oaxaca de Ju\u00e1rez, Oax., 3 de marzo de 2021.- En v\u00edsperas del D\u00eda Internacional de la Mujer, el diputado federal Azael Santiago Chepi y el senador Salom\u00f3n Jara Cruz, ambos representantes de Oaxaca por el Partido Morena, fueron acusados de ejercer violencia en contra de las mujeres, ubic\u00e1ndolos a la par del controvertido senador con licencia F\u00e9lix Salgado Macedonio, quien tiene a cuestas cinco denuncias por delitos sexuales.&nbsp;<\/p>\n\n\n\n<p>Lo anterior mediante un video difundido por la cuenta de twitter #NiUnaMenos, creada para ayudar a difundir informaci\u00f3n sobre la violencia contra las mujeres en M\u00e9xico, de acuerdo con su propia descripci\u00f3n, y mediante la cual pretenden posicionar el hashtag #NingunAgresorEnElPoder.&nbsp;<\/p>\n\n\n\n<p>En el caso del diputado por el Distrito IV de Oaxaca, Azael Santiago Chepi, manifestaron que es acusado de acoso sexual, cuando fue grabado en video acosando a una mujer en un restaurante, mientras disfrutaba de unas bebidas al parecer alcoh\u00f3licas.<\/p>\n\n\n\n<p>\u201cPone su mano en la espalda a la joven y en seguida lo desliza hasta la cintura y le rodea la cadera; Chepi repite en por lo menos otra ocasi\u00f3n el mismo acoso sexual hacia la joven, actos realizados en febrero del 2020\u201d, refieren.&nbsp;&nbsp;<\/p>\n\n\n\n<p>Otro personaje de la pol\u00edtica oaxaque\u00f1a nombrado en la lista de violentos, es Juan Vera Carrizal, acusado de realizar el ataque con \u00e1cido de Mar\u00eda Elena R\u00edos, joven saxofonista, aprovech\u00e1ndose del poder que adquiri\u00f3 al ser diputado local por las siglas del PRI, \u00f3rgano pol\u00edtico en el cual contaba con grandes aliados.&nbsp;<\/p>\n\n\n\n<p>En el video, las activistas dieron conocer que el 12 por ciento de los agresores de las mujeres son pol\u00edticos o tienen v\u00ednculos pol\u00edticos, convirti\u00e9ndoles en un verdadero riesgo para m\u00e1s de la mitad de la poblaci\u00f3n en M\u00e9xico.&nbsp;<\/p>\n\n\n\n<p>Indicaron que regidores, diputados, senadores, presidentes municipales y s\u00edndicos han sido acusados de violaci\u00f3n, acoso sexual, hostigamiento y pedofilia, ante lo cual nada se ha hecho, por el contrario, se respaldan entre ellos y se imponen como candidatos para puestos de representaci\u00f3n popular en diferentes estados.<\/p>\n\n\n\n<p>Lo anterior aseguran, pisoteando los derechos y libertades de todas las mujeres, denigrando a las v\u00edctimas que entre el miedo y la esperanza hacen p\u00fablica su denuncia, para evitar que en este proceso electoral se mantengan en el poder y con ello su violencia contin\u00fae en la impunidad.&nbsp;<\/p>\n\n\n\n<p>\u201cA nosotras no se nos olvidan las tres mil 752 mujeres asesinadas en el 2020 y que cada 18 segundos una mujer es violada. El grito de ni una menos, ni un agresor en el poder es m\u00e1s fuerte que nunca. No nos callaran\u201d, sentencian.&nbsp;<\/p>\n","protected":false},"excerpt":{"rendered":"<p>Evlin Arag\u00f3n\/Zona Roja. Oaxaca de Ju\u00e1rez, Oax., 3 de marzo de 2021.- En v\u00edsperas del&hellip;<\/p>\n","protected":false},"author":2,"featured_media":24263,"comment_status":"closed","ping_status":"open","sticky":false,"template":"","format":"standard","meta":{"_lmt_disableupdate":"","_lmt_disable":"","_jetpack_memberships_contains_paid_content":false,"footnotes":""},"categories":[109,47],"tags":[1381],"class_list":["post-24262","post","type-post","status-publish","format-standard","has-post-thumbnail","hentry","category-minuto-a-minuto","category-zona-gris","tag-azael-santiago-chepi"],"jetpack_featured_media_url":"https:\/\/zonaroja.com.mx\/wp-content\/uploads\/2021\/03\/Azael-Santiago-Chepi.jpg","jetpack_sharing_enabled":true,"_links":{"self":[{"href":"https:\/\/zonaroja.com.mx\/index.php?rest_route=\/wp\/v2\/posts\/24262","targetHints":{"allow":["GET"]}}],"collection":[{"href":"https:\/\/zonaroja.com.mx\/index.php?rest_route=\/wp\/v2\/posts"}],"about":[{"href":"https:\/\/zonaroja.com.mx\/index.php?rest_route=\/wp\/v2\/types\/post"}],"author":[{"embeddable":true,"href":"https:\/\/zonaroja.com.mx\/index.php?rest_route=\/wp\/v2\/users\/2"}],"replies":[{"embeddable":true,"href":"https:\/\/zonaroja.com.mx\/index.php?rest_route=%2Fwp%2Fv2%2Fcomments&post=24262"}],"version-history":[{"count":1,"href":"https:\/\/zonaroja.com.mx\/index.php?rest_route=\/wp\/v2\/posts\/24262\/revisions"}],"predecessor-version":[{"id":24264,"href":"https:\/\/zonaroja.com.mx\/index.php?rest_route=\/wp\/v2\/posts\/24262\/revisions\/24264"}],"wp:featuredmedia":[{"embeddable":true,"href":"https:\/\/zonaroja.com.mx\/index.php?rest_route=\/wp\/v2\/media\/24263"}],"wp:attachment":[{"href":"https:\/\/zonaroja.com.mx\/index.php?rest_route=%2Fwp%2Fv2%2Fmedia&parent=24262"}],"wp:term":[{"taxonomy":"category","embeddable":true,"href":"https:\/\/zonaroja.com.mx\/index.php?rest_route=%2Fwp%2Fv2%2Fcategories&post=24262"},{"taxonomy":"post_tag","embeddable":true,"href":"https:\/\/zonaroja.com.mx\/index.php?rest_route=%2Fwp%2Fv2%2Ftags&post=24262"}],"curies":[{"name":"wp","href":"https:\/\/api.w.org\/{rel}","templated":true}]}}