{"id":24265,"date":"2021-03-03T08:14:11","date_gmt":"2021-03-03T14:14:11","guid":{"rendered":"http:\/\/www.zonaroja.com.mx\/?p=24265"},"modified":"2021-03-03T08:14:15","modified_gmt":"2021-03-03T14:14:15","slug":"bailazo-en-plena-pandemia-amoltepec-podria-estar-en-riesgo-de-por-covid-19","status":"publish","type":"post","link":"https:\/\/zonaroja.com.mx\/?p=24265","title":{"rendered":"Bailazo en plena pandemia, Amoltepec podr\u00eda estar en riesgo de por Covid-19"},"content":{"rendered":"\n<p>Evlin Arag\u00f3n\/Zona Roja.<\/p>\n\n\n\n<p>Oaxaca de Ju\u00e1rez, Oax., 3 de marzo de 2021.- La poblaci\u00f3n de Santiago Amoltepec podr\u00eda resultar con un contagio masivo por Covid-19, luego del baile popular que se llev\u00f3 a cabo este fin de semana, sin tomar en cuenta las medidas sanitarias.<\/p>\n\n\n\n<p>As\u00ed fue denunciado a trav\u00e9s de las redes sociales, en donde pobladores de la localidad difundieron un video en el que se puede ver a decenas de personas, de la localidad de Tierra Colorada, bailando al ritmo de la m\u00fasica de un conjunto musical, conviviendo sin sana distancia y sin cubrebocas.&nbsp;<\/p>\n\n\n\n<p>\u201cAnoche gran bailazo!!! En plena Pandemia, las autoridades municipales de Santiago Amoltepec, Sola de Vega, Oaxaca, autorizaron un s\u00faper bailazo en Tierra Colorada. Cero cubrebocas, cero sana distancia, cero vigilancia de autoridades, por supuesto, podr\u00eda contagiarse masivamente\u201d, refiere la publicaci\u00f3n del perfil Sierra Sur Unidos.<\/p>\n\n\n\n<p>De lo anterior acusaron al presidente municipal de Santiago Amoltepec, Abel Garc\u00eda, a quien se\u00f1alaron de ser manipulado por el diputado federal por Morena, Daniel Guti\u00e9rrez Guti\u00e9rrez, que actualmente busca la reelecci\u00f3n.&nbsp;<\/p>\n\n\n\n<p>La actividad dividi\u00f3 la opini\u00f3n de las y los usuarios de las redes sociales, puesto que algunos aseguraban se trat\u00f3 de una irresponsabilidad por parte de las autoridades que aprobaron la realizaci\u00f3n del baile y de la poblaci\u00f3n que asisti\u00f3.&nbsp;<\/p>\n\n\n\n<p>\u201cAh\u00ed les encargo que porfis asuman el riego y si se infectan no est\u00e9n despotricando contra el sistema de salud que de por si en Oaxaca tiene a\u00f1os que est\u00e1 en decadencia por mal manejo de partidas. Si se enferman qu\u00e9dense en su casita y est\u00e1 vez si sean responsables de su decisi\u00f3n\u201d.&nbsp;<\/p>\n\n\n\n<p>\u201cSolo que cuando enfermen no exijan vacunas y apoyo del gobierno, as\u00ed como dicen que son sus usos y costumbres que ellos se hagan responsables de lo que les pueda pasar\u201d, son algunos de los comentarios en contra.&nbsp;<\/p>\n\n\n\n<p>Mientras que otros defendieron la actividad asegurando que ninguna persona fue obligada a asistir al baile y que la festividad forma parte de las costumbres arraigadas en el pueblo, e incluso dudan de la existencia del virus.&nbsp;<\/p>\n\n\n\n<p>\u201cCada quien es responsable de salud, a nadie se le obliga a asistir. Deber\u00edas saber que de acuerdo a nuestros uso y costumbres el pueblo mando y si la cajeteamos e por mayor\u00eda\u201d.&nbsp;<\/p>\n\n\n\n<p>\u201cLa fiesta es costumbre y yo no veo mal que se est\u00e9 haciendo. Haber (sic) dime cuanto de Amoltepec han muerto por el mentado coronavirus\u201d.<\/p>\n\n\n\n<p>Las festividades en Oaxaca no han cesado, a pesar de la pandemia, el caso de San Juan del R\u00edo de Santiago Cho\u00e1pam acapar\u00f3 la atenci\u00f3n, incluso a nivel nacional, toda vez que una tercera parte de la poblaci\u00f3n result\u00f3 contagiada por Covid-19, tras la celebraci\u00f3n de la festividad en honor al ni\u00f1o Jes\u00fas, realizada el pasado cinco de enero.&nbsp;<\/p>\n\n\n\n<p>Fue el propio edil, Evergisto Gaboa D\u00edaz, quien envi\u00f3 una carta al presidente de la Rep\u00fablica Andr\u00e9s Manuel L\u00f3pez Obrador para dar a conocer que al menos 400 personas hab\u00edan sido contagiadas por el virus SARS COv2, 14 se encuentran hospitalizadas y 12 han fallecido.&nbsp;<\/p>\n\n\n\n<p>As\u00ed mismo las localidades de Juchit\u00e1n de Zaragoza, Puerto Escondido, Santo Domingo Tehuantepec, Heroica Ciudad de Tlaxiaco, Santos Reyes Nopala, San Pedro Ixtlahuaca, Nazareno Etla y la propia ciudad de Oaxaca de Ju\u00e1rez, han reportado actividades masivas, pese a su prohibici\u00f3n.&nbsp;<\/p>\n","protected":false},"excerpt":{"rendered":"<p>Evlin Arag\u00f3n\/Zona Roja. Oaxaca de Ju\u00e1rez, Oax., 3 de marzo de 2021.- La poblaci\u00f3n de&hellip;<\/p>\n","protected":false},"author":2,"featured_media":24266,"comment_status":"closed","ping_status":"open","sticky":false,"template":"","format":"standard","meta":{"_lmt_disableupdate":"","_lmt_disable":"","_jetpack_memberships_contains_paid_content":false,"footnotes":""},"categories":[109,47],"tags":[860],"class_list":["post-24265","post","type-post","status-publish","format-standard","has-post-thumbnail","hentry","category-minuto-a-minuto","category-zona-gris","tag-santiago-amoltepec"],"jetpack_featured_media_url":"https:\/\/zonaroja.com.mx\/wp-content\/uploads\/2021\/03\/Santiago-Amoltepec.jpg","jetpack_sharing_enabled":true,"_links":{"self":[{"href":"https:\/\/zonaroja.com.mx\/index.php?rest_route=\/wp\/v2\/posts\/24265","targetHints":{"allow":["GET"]}}],"collection":[{"href":"https:\/\/zonaroja.com.mx\/index.php?rest_route=\/wp\/v2\/posts"}],"about":[{"href":"https:\/\/zonaroja.com.mx\/index.php?rest_route=\/wp\/v2\/types\/post"}],"author":[{"embeddable":true,"href":"https:\/\/zonaroja.com.mx\/index.php?rest_route=\/wp\/v2\/users\/2"}],"replies":[{"embeddable":true,"href":"https:\/\/zonaroja.com.mx\/index.php?rest_route=%2Fwp%2Fv2%2Fcomments&post=24265"}],"version-history":[{"count":1,"href":"https:\/\/zonaroja.com.mx\/index.php?rest_route=\/wp\/v2\/posts\/24265\/revisions"}],"predecessor-version":[{"id":24267,"href":"https:\/\/zonaroja.com.mx\/index.php?rest_route=\/wp\/v2\/posts\/24265\/revisions\/24267"}],"wp:featuredmedia":[{"embeddable":true,"href":"https:\/\/zonaroja.com.mx\/index.php?rest_route=\/wp\/v2\/media\/24266"}],"wp:attachment":[{"href":"https:\/\/zonaroja.com.mx\/index.php?rest_route=%2Fwp%2Fv2%2Fmedia&parent=24265"}],"wp:term":[{"taxonomy":"category","embeddable":true,"href":"https:\/\/zonaroja.com.mx\/index.php?rest_route=%2Fwp%2Fv2%2Fcategories&post=24265"},{"taxonomy":"post_tag","embeddable":true,"href":"https:\/\/zonaroja.com.mx\/index.php?rest_route=%2Fwp%2Fv2%2Ftags&post=24265"}],"curies":[{"name":"wp","href":"https:\/\/api.w.org\/{rel}","templated":true}]}}