{"id":24268,"date":"2021-03-03T14:21:48","date_gmt":"2021-03-03T20:21:48","guid":{"rendered":"http:\/\/www.zonaroja.com.mx\/?p=24268"},"modified":"2021-03-03T14:22:07","modified_gmt":"2021-03-03T20:22:07","slug":"en-demanda-de-vacunas-contra-covid-sector-salud-intensifica-protestas-en-istmo","status":"publish","type":"post","link":"https:\/\/zonaroja.com.mx\/?p=24268","title":{"rendered":"En demanda de vacunas contra Covid, sector salud intensifica protestas en Istmo"},"content":{"rendered":"\n<p>Yuridiana Sosa\/Zona Roja.<\/p>\n\n\n\n<p>Oaxaca de Ju\u00e1rez, Oax., 3 de marzo de 2021.- Por falta de soluci\u00f3n de los Servicios de Salud de Oaxaca (SSO) para garantizar las vacunas contra Covid-19 al personal m\u00e9dico, los trabajadores afiliados a la Secci\u00f3n 35 del SNTSA ahora bloquean diferentes v\u00edas en la regi\u00f3n del Istmo.<\/p>\n\n\n\n<p>La subdelegaci\u00f3n 02 del Sindicato Nacional de Trabajadores de la Secretar\u00eda de Salud, en Oaxaca, determin\u00f3 comenzar una asamblea permanente y realizar marchas, bloqueos y m\u00edtines durante este mi\u00e9rcoles y hasta el pr\u00f3ximo viernes.<\/p>\n\n\n\n<p>Los sindicalizados adscritos a la Jurisdicci\u00f3n Sanitaria 02, denuncian que la vacuna contra el SARS-Cov-2 a\u00fan no se aplica para la totalidad del sector, quienes sin importar el \u00e1rea en la que se desempe\u00f1an, est\u00e1n en riesgo de contraer el virus.<\/p>\n\n\n\n<p>Para presionar a las autoridades estatales, este mi\u00e9rcoles la jornada de protesta incluye una marcha y bloqueo en inmediaciones del punto Canal 33 de Juchit\u00e1n de Zaragoza.<\/p>\n\n\n\n<p>El viernes tienen programado bloqueos en distintos puntos carreteros del Istmo, como son en Zanatepec, en el tramo Niltepec-Tapanatepec; en Canal 33, entre Juchit\u00e1n-Tehuantepec; tramo Tehuantepec-Jalapa del Marqu\u00e9s; Tehuantepec-Salina Cruz; Ixtaltepec-Ixtepec; Palomares-Tuxtepec, en inmediaciones de la poblaci\u00f3n de Mar\u00eda Lombardo de Caso.<\/p>\n\n\n\n<p>Por otra parte, tambi\u00e9n contin\u00faa el bloqueo carretero en el kil\u00f3metro 276, en la carretera Trans\u00edstmica 185, en el tramo Juchit\u00e1n-Tehuantepec, en el Puente Madera de agencia de San Blas Atempa. Este caso, ante la resistencia de pobladores de Puente Madera a los proyectos e\u00f3licos.<\/p>\n","protected":false},"excerpt":{"rendered":"<p>Yuridiana Sosa\/Zona Roja. Oaxaca de Ju\u00e1rez, Oax., 3 de marzo de 2021.- Por falta de&hellip;<\/p>\n","protected":false},"author":2,"featured_media":24269,"comment_status":"closed","ping_status":"open","sticky":false,"template":"","format":"standard","meta":{"_lmt_disableupdate":"","_lmt_disable":"","_jetpack_memberships_contains_paid_content":false,"footnotes":""},"categories":[109,47],"tags":[2500],"class_list":["post-24268","post","type-post","status-publish","format-standard","has-post-thumbnail","hentry","category-minuto-a-minuto","category-zona-gris","tag-jurisdiccion-sanitaria-02-istmo"],"jetpack_featured_media_url":"https:\/\/zonaroja.com.mx\/wp-content\/uploads\/2021\/03\/Bloqueos-salud-istmo.jpg","jetpack_sharing_enabled":true,"_links":{"self":[{"href":"https:\/\/zonaroja.com.mx\/index.php?rest_route=\/wp\/v2\/posts\/24268","targetHints":{"allow":["GET"]}}],"collection":[{"href":"https:\/\/zonaroja.com.mx\/index.php?rest_route=\/wp\/v2\/posts"}],"about":[{"href":"https:\/\/zonaroja.com.mx\/index.php?rest_route=\/wp\/v2\/types\/post"}],"author":[{"embeddable":true,"href":"https:\/\/zonaroja.com.mx\/index.php?rest_route=\/wp\/v2\/users\/2"}],"replies":[{"embeddable":true,"href":"https:\/\/zonaroja.com.mx\/index.php?rest_route=%2Fwp%2Fv2%2Fcomments&post=24268"}],"version-history":[{"count":1,"href":"https:\/\/zonaroja.com.mx\/index.php?rest_route=\/wp\/v2\/posts\/24268\/revisions"}],"predecessor-version":[{"id":24270,"href":"https:\/\/zonaroja.com.mx\/index.php?rest_route=\/wp\/v2\/posts\/24268\/revisions\/24270"}],"wp:featuredmedia":[{"embeddable":true,"href":"https:\/\/zonaroja.com.mx\/index.php?rest_route=\/wp\/v2\/media\/24269"}],"wp:attachment":[{"href":"https:\/\/zonaroja.com.mx\/index.php?rest_route=%2Fwp%2Fv2%2Fmedia&parent=24268"}],"wp:term":[{"taxonomy":"category","embeddable":true,"href":"https:\/\/zonaroja.com.mx\/index.php?rest_route=%2Fwp%2Fv2%2Fcategories&post=24268"},{"taxonomy":"post_tag","embeddable":true,"href":"https:\/\/zonaroja.com.mx\/index.php?rest_route=%2Fwp%2Fv2%2Ftags&post=24268"}],"curies":[{"name":"wp","href":"https:\/\/api.w.org\/{rel}","templated":true}]}}