{"id":24277,"date":"2021-03-03T15:30:11","date_gmt":"2021-03-03T21:30:11","guid":{"rendered":"http:\/\/www.zonaroja.com.mx\/?p=24277"},"modified":"2021-03-03T15:30:15","modified_gmt":"2021-03-03T21:30:15","slug":"victimas-de-represion-en-nochixtlan-denuncian-hostigamiento-de-la-fgr","status":"publish","type":"post","link":"https:\/\/zonaroja.com.mx\/?p=24277","title":{"rendered":"V\u00edctimas de represi\u00f3n en Nochixtl\u00e1n denuncian hostigamiento de la FGR"},"content":{"rendered":"\n<p>Evlin Arag\u00f3n\/Zona Roja.<\/p>\n\n\n\n<p>Oaxaca de Ju\u00e1rez, Oax., 3 de marzo de 2021.- A unos meses de cumplirse cinco a\u00f1os de la represi\u00f3n que se vivi\u00f3 en Asunci\u00f3n Nochixtl\u00e1n, integrantes del Comit\u00e9 de Victima por la Justicia y Verdad \u201c19 de Junio\u201d, denunciaron amenazas y hostigamiento en contra de sus representantes legales por parte de la Fiscal\u00eda General de la Rep\u00fablica (FGR), suscitadas el pasado 26 de febrero.<\/p>\n\n\n\n<p>As\u00ed lo manifestaron en conferencia de prensa, en donde responsabilizaron de las agresiones en su contra y de sus representantes legales, al fiscal general de la Rep\u00fablica, Alejandro Gertz Manero, y al titular de la Subprocuradur\u00eda de Control Regional Procedimientos Penales y Amparo, Germ\u00e1n Adolfo Castillo Banuet, este \u00faltimo impuesto por el PRI para encubrir a los funcionarios del gobierno anterior en casos como el de Nochixtl\u00e1n.<\/p>\n\n\n\n<p>Aseguraron que existe entorpecimiento y obstaculizaci\u00f3n por parte de la FGR, toda vez que la instancia insiste en acotar las l\u00edneas de investigaci\u00f3n y responsabilizar \u00fanicamente a los polic\u00edas que participaron en el operativo, omitiendo las sanciones a la cadena de mando, que las v\u00edctimas han insistido en se\u00f1alar.&nbsp;<\/p>\n\n\n\n<p>Explicaron que las recientes amenazas en contra de sus abogados se dan en el marco de la exigencia de la comparecencia de diversos ex funcionarios de alto nivel del gobierno priista de Enrique Pe\u00f1a Nieto, los se\u00f1alamientos de las deficiencias en la investigaci\u00f3n y la solicitud al fiscal para la creaci\u00f3n de una comisi\u00f3n especial multidisciplinaria para atender el tema.&nbsp;<\/p>\n\n\n\n<p>As\u00ed mismo, porque han evidenciado la ineficacia en la investigaci\u00f3n por parte de los servidores P\u00fablicos de la FGR, situaci\u00f3n que no les gust\u00f3 y por lo cual respondieron de manera violenta e intimidatoria con el grupo de abogados y una de las v\u00edctimas que se dieron cita en viernes pasado en las instalaciones de la instancia procuradora de justicia federal.&nbsp;&nbsp;<\/p>\n\n\n\n<p>\u201cDe manera en\u00e9rgica rechazamos cualquier tipo de intimidaci\u00f3n en contra de nuestros abogados y abogadas, que de manera solidaria y desinteresada nos est\u00e1n representando legalmente para esclarecer lo sucedido en Nochixtl\u00e1n, y responsabilizamos de cualquier agresi\u00f3n en su contra\u201d, enunciaron.\u00a0<\/p>\n\n\n\n<figure class=\"wp-block-embed-twitter wp-block-embed is-type-rich is-provider-twitter\"><div class=\"wp-block-embed__wrapper\">\n<div class=\"twitter-tweet\"><blockquote class=\"twitter-tweet\" data-lang=\"es\"><p lang=\"es\" dir=\"ltr\"><a href=\"https:\/\/twitter.com\/hashtag\/ENVIVO?src=hash&amp;ref_src=twsrc%5Etfw\">#ENVIVO<\/a> <br>Oaxaca de Ju\u00e1rez, Oax., 3 de marzo de 2021.- Conferencia de prensa de la del Comit\u00e9 de V\u00edctimas de Nochixtl\u00e1n 19 de Junio. Denuncian omisiones y amenazas de la <a href=\"https:\/\/twitter.com\/FGRMexico?ref_src=twsrc%5Etfw\">@FGRMexico<\/a>.<br>Aqu\u00ed la transmisi\u00f3n:<br>\ud83d\udc47<a href=\"https:\/\/t.co\/EmIEQhU3G8\">https:\/\/t.co\/EmIEQhU3G8<\/a> <a href=\"https:\/\/t.co\/N3HbGwu8PF\">pic.twitter.com\/N3HbGwu8PF<\/a><\/p>&mdash; Zona Roja Oaxaca (@Zona_Roja_Oax) <a href=\"https:\/\/twitter.com\/Zona_Roja_Oax\/status\/1367133476583968770?ref_src=twsrc%5Etfw\">3 de marzo de 2021<\/a><\/blockquote><\/div>\n<\/div><\/figure>\n\n\n\n<p>El equipo de abogados conformado por Simitrio Ruiz Mart\u00ednez, Fortino Santiago y Carlos Morales S\u00e1nchez, entre otros, asegur\u00f3 que todos los procedimientos interpuestos ante la FGR los han ganado, evidenciando as\u00ed las deficiencias de la instancia, situaci\u00f3n que provoc\u00f3 que fueran amedrentados y amenazados.&nbsp;<\/p>\n\n\n\n<p>\u201cEl viernes pasado, despu\u00e9s de cinco horas de trabajo ininterrumpidos, se declar\u00f3 un receso. Una vez que se regres\u00f3, los agente del MP regresaron con actitud prepotente con la atenci\u00f3n de amedrentarnos, con el argumento de que no estaban de acuerdo con varias acciones, por lo que iban a iniciar una carpeta de investigaci\u00f3n en nuestra contra\u201d.&nbsp;&nbsp;<\/p>\n\n\n\n<p>Lo anterior provoc\u00f3 que se levantaran de la mesa, al evidenciar que hay autoridades, ministerios p\u00fablicos y peritos, que est\u00e1n actuando en complicidad con la cadena de mando que orden\u00f3 la represi\u00f3n en Nochixtl\u00e1n, sin embargo, aseguraron que mantendr\u00e1n su lucha legal y social hasta conseguir justicia para las v\u00edctimas.&nbsp;<\/p>\n\n\n\n<p>\u201cDejamos en claro que, a pesar de las amenazas y el hostigamiento por parte del Estado, no claudicaremos en nuestra lucha, y no descansaremos hasta que los responsables materiales y mediatos de los hechos en Nochixtl\u00e1n sean enjuiciados\u201d, manifestaron.&nbsp;<\/p>\n\n\n\n<p>Por su parte, el dirigente del Comit\u00e9 de V\u00edctimas, Santiago Ambrosio, reprob\u00f3 los hechos y dijo adem\u00e1s que no permitir\u00e1n la instalaci\u00f3n de una base de la Guardia Nacional, en Nochixtl\u00e1n, debido a los atropellos que constantemente cometen los polic\u00edas federales en contra de la poblaci\u00f3n.<\/p>\n","protected":false},"excerpt":{"rendered":"<p>Evlin Arag\u00f3n\/Zona Roja. Oaxaca de Ju\u00e1rez, Oax., 3 de marzo de 2021.- A unos meses&hellip;<\/p>\n","protected":false},"author":2,"featured_media":24278,"comment_status":"closed","ping_status":"open","sticky":false,"template":"","format":"standard","meta":{"_lmt_disableupdate":"","_lmt_disable":"","_jetpack_memberships_contains_paid_content":false,"footnotes":""},"categories":[109,47],"tags":[249],"class_list":["post-24277","post","type-post","status-publish","format-standard","has-post-thumbnail","hentry","category-minuto-a-minuto","category-zona-gris","tag-comite-de-victimas-nochixtlan"],"jetpack_featured_media_url":"https:\/\/zonaroja.com.mx\/wp-content\/uploads\/2021\/03\/Conferencia-victimas-de-Nochixtlan.jpg","jetpack_sharing_enabled":true,"_links":{"self":[{"href":"https:\/\/zonaroja.com.mx\/index.php?rest_route=\/wp\/v2\/posts\/24277","targetHints":{"allow":["GET"]}}],"collection":[{"href":"https:\/\/zonaroja.com.mx\/index.php?rest_route=\/wp\/v2\/posts"}],"about":[{"href":"https:\/\/zonaroja.com.mx\/index.php?rest_route=\/wp\/v2\/types\/post"}],"author":[{"embeddable":true,"href":"https:\/\/zonaroja.com.mx\/index.php?rest_route=\/wp\/v2\/users\/2"}],"replies":[{"embeddable":true,"href":"https:\/\/zonaroja.com.mx\/index.php?rest_route=%2Fwp%2Fv2%2Fcomments&post=24277"}],"version-history":[{"count":1,"href":"https:\/\/zonaroja.com.mx\/index.php?rest_route=\/wp\/v2\/posts\/24277\/revisions"}],"predecessor-version":[{"id":24279,"href":"https:\/\/zonaroja.com.mx\/index.php?rest_route=\/wp\/v2\/posts\/24277\/revisions\/24279"}],"wp:featuredmedia":[{"embeddable":true,"href":"https:\/\/zonaroja.com.mx\/index.php?rest_route=\/wp\/v2\/media\/24278"}],"wp:attachment":[{"href":"https:\/\/zonaroja.com.mx\/index.php?rest_route=%2Fwp%2Fv2%2Fmedia&parent=24277"}],"wp:term":[{"taxonomy":"category","embeddable":true,"href":"https:\/\/zonaroja.com.mx\/index.php?rest_route=%2Fwp%2Fv2%2Fcategories&post=24277"},{"taxonomy":"post_tag","embeddable":true,"href":"https:\/\/zonaroja.com.mx\/index.php?rest_route=%2Fwp%2Fv2%2Ftags&post=24277"}],"curies":[{"name":"wp","href":"https:\/\/api.w.org\/{rel}","templated":true}]}}