{"id":24280,"date":"2021-03-03T18:49:26","date_gmt":"2021-03-04T00:49:26","guid":{"rendered":"http:\/\/www.zonaroja.com.mx\/?p=24280"},"modified":"2021-03-03T19:52:01","modified_gmt":"2021-03-04T01:52:01","slug":"demandaran-diputados-renuncia-del-titular-de-servicios-de-salud-de-oaxaca","status":"publish","type":"post","link":"https:\/\/zonaroja.com.mx\/?p=24280","title":{"rendered":"Demandar\u00e1n diputados renuncia del titular de Servicios de Salud de Oaxaca"},"content":{"rendered":"\n<p>Yuridiana Sosa\/Zona Roja.<\/p>\n\n\n\n<p>Oaxaca de Ju\u00e1rez, Oax. 3 de marzo de 2021.- Tras observaciones de la Auditor\u00eda Superior de la Federaci\u00f3n (ASF) sobre la cuenta p\u00fablica 2019, que involucra al actual secretario de Salud de Oaxaca, Juan Carlos M\u00e1rquez Heine, en probables da\u00f1os al erario, diputados locales preparan un exhorto al jefe del Poder Ejecutivo para la destituci\u00f3n del funcionario estatal.<\/p>\n\n\n\n<p>Los legisladores de la fracci\u00f3n parlamentaria del Partido Morena expondr\u00e1n en pr\u00f3xima sesi\u00f3n de la 64 Legislatura del Congreso de Oaxaca, un Punto de Acuerdo para que el gobernador Alejandro Murat Hinojosa revoque el nombramiento de secretario de Salud y director general de los Servicios de Salud de Oaxaca (SSO) al doctor M\u00e1rquez Heine.<\/p>\n\n\n\n<p>La propuesta la justifican en que los procedimientos ante la ASF deben desarrollarse respetando el Estado de Derecho y evite el uso de los recursos para su defensa e incrementar la percepci\u00f3n de corrupci\u00f3n que impera en la instituci\u00f3n de salud.<\/p>\n\n\n\n<p>\u201cEn completo estado de responsabilidad social y pol\u00edtica se debe separar el cargo al servidor p\u00fablico para que desahogue y concluya el proceso de fiscalizaci\u00f3n, solvente las observaciones o bien se le finque la responsabilidad que corresponda\u201d, cita el documento que presentan ante la Mesa Directiva de la 64 Legislatura local.<\/p>\n\n\n\n<figure class=\"wp-block-image size-large\"><img decoding=\"async\" width=\"540\" height=\"767\" src=\"https:\/\/www.zonaroja.com.mx\/wp-content\/uploads\/2021\/03\/00949905-0d8c-4e5a-9a2c-889ae970ed08.jpg\" alt=\"\" class=\"wp-image-24283\" srcset=\"https:\/\/zonaroja.com.mx\/wp-content\/uploads\/2021\/03\/00949905-0d8c-4e5a-9a2c-889ae970ed08.jpg 540w, https:\/\/zonaroja.com.mx\/wp-content\/uploads\/2021\/03\/00949905-0d8c-4e5a-9a2c-889ae970ed08-211x300.jpg 211w\" sizes=\"(max-width: 540px) 100vw, 540px\" \/><\/figure>\n\n\n\n<p>D\u00edas atr\u00e1s, se dio a conocer que en el informe de la Cuenta P\u00fablica 2019, la Auditor\u00eda Superior de la Federaci\u00f3n se\u00f1ala que en la Auditor\u00eda de Cumplimiento 2019-A-20000-19-1015-2020-1015-DS-GF, el R\u00e9gimen Estatal de Protecci\u00f3n Social en la Salud del Estado de Oaxaca con Juan Carlos M\u00e1rquez Heine, al frente, habr\u00eda afectado la Hacienda P\u00fablica Federal por un monto de 16 millones 81 mil 699.20 pesos.<\/p>\n\n\n\n<p>\u201cUna de las obligaciones de quienes administran recursos p\u00fablicos es rendir cuentas porque los recursos humanos, tecnol\u00f3gico y financieros de los que disponen provienen de los impuestos que la ciudadan\u00eda paga al gobierno federal, estatal o municipal y, por la misma raz\u00f3n existe una obligaci\u00f3n no s\u00f3lo legal sino moral para con los ciudadanos de explicar c\u00f3mo y en qu\u00e9 se invirtieron estos recursos\u201d se presenta en el documento que se expondr\u00e1.<\/p>\n","protected":false},"excerpt":{"rendered":"<p>Yuridiana Sosa\/Zona Roja. Oaxaca de Ju\u00e1rez, Oax. 3 de marzo de 2021.- Tras observaciones de&hellip;<\/p>\n","protected":false},"author":2,"featured_media":24281,"comment_status":"closed","ping_status":"open","sticky":false,"template":"","format":"standard","meta":{"_lmt_disableupdate":"","_lmt_disable":"","_jetpack_memberships_contains_paid_content":false,"footnotes":""},"categories":[109,47],"tags":[1701],"class_list":["post-24280","post","type-post","status-publish","format-standard","has-post-thumbnail","hentry","category-minuto-a-minuto","category-zona-gris","tag-juan-carlos-marquez-heine"],"jetpack_featured_media_url":"https:\/\/zonaroja.com.mx\/wp-content\/uploads\/2021\/03\/Juan-Carlos-Marquez.jpg","jetpack_sharing_enabled":true,"_links":{"self":[{"href":"https:\/\/zonaroja.com.mx\/index.php?rest_route=\/wp\/v2\/posts\/24280","targetHints":{"allow":["GET"]}}],"collection":[{"href":"https:\/\/zonaroja.com.mx\/index.php?rest_route=\/wp\/v2\/posts"}],"about":[{"href":"https:\/\/zonaroja.com.mx\/index.php?rest_route=\/wp\/v2\/types\/post"}],"author":[{"embeddable":true,"href":"https:\/\/zonaroja.com.mx\/index.php?rest_route=\/wp\/v2\/users\/2"}],"replies":[{"embeddable":true,"href":"https:\/\/zonaroja.com.mx\/index.php?rest_route=%2Fwp%2Fv2%2Fcomments&post=24280"}],"version-history":[{"count":2,"href":"https:\/\/zonaroja.com.mx\/index.php?rest_route=\/wp\/v2\/posts\/24280\/revisions"}],"predecessor-version":[{"id":24284,"href":"https:\/\/zonaroja.com.mx\/index.php?rest_route=\/wp\/v2\/posts\/24280\/revisions\/24284"}],"wp:featuredmedia":[{"embeddable":true,"href":"https:\/\/zonaroja.com.mx\/index.php?rest_route=\/wp\/v2\/media\/24281"}],"wp:attachment":[{"href":"https:\/\/zonaroja.com.mx\/index.php?rest_route=%2Fwp%2Fv2%2Fmedia&parent=24280"}],"wp:term":[{"taxonomy":"category","embeddable":true,"href":"https:\/\/zonaroja.com.mx\/index.php?rest_route=%2Fwp%2Fv2%2Fcategories&post=24280"},{"taxonomy":"post_tag","embeddable":true,"href":"https:\/\/zonaroja.com.mx\/index.php?rest_route=%2Fwp%2Fv2%2Ftags&post=24280"}],"curies":[{"name":"wp","href":"https:\/\/api.w.org\/{rel}","templated":true}]}}