{"id":24285,"date":"2021-03-03T21:22:51","date_gmt":"2021-03-04T03:22:51","guid":{"rendered":"http:\/\/www.zonaroja.com.mx\/?p=24285"},"modified":"2021-03-03T21:22:54","modified_gmt":"2021-03-04T03:22:54","slug":"suspenden-trabajos-en-autopista-a-la-costa-bloquean-comuneros-de-coatlan","status":"publish","type":"post","link":"https:\/\/zonaroja.com.mx\/?p=24285","title":{"rendered":"Suspenden trabajos en autopista a la Costa; bloquean comuneros de Coatl\u00e1n"},"content":{"rendered":"\n<p>Evlin Arag\u00f3n\/Zona Roja.<\/p>\n\n\n\n<p>Oaxaca de Ju\u00e1rez, Oax., 3 de marzo de 2021.- Autoridades comunales de San Vicente Coatl\u00e1n anunciaron un cierre y bloqueo carretero indefinido, en inmediaciones de la localidad, el cual provoca la suspensi\u00f3n de todos los trabajos de la construcci\u00f3n de la supercarretera Barranca Larga-Ventanilla.<\/p>\n\n\n\n<p>Lo anterior, tras denunciar una serie de agresiones constantes en perjuicio de su gente, debido al conflicto agrario que viven desde 28 a\u00f1os con la poblaci\u00f3n de Villa Sola de Vega, que ha derivado en el robo de ganado, agresiones a los comuneros con arma de fuego, asesinato de m\u00e1s 32 personas y un desaparecido.<\/p>\n\n\n\n<p>\u201cDurante estos \u00faltimos 15 a\u00f1os grupos de Villa Sola de Vega de manera constante ocasionan agresiones, destruyen nuestras cosechas y \u00e1rboles que pertenecen a nuestras tierras, generando muchos incendios como de las agresiones constantes\u201d, citan en un documento dirigido al presidente de la Rep\u00fablica, Andr\u00e9s Manuel L\u00f3pez Obrador.&nbsp;<\/p>\n\n\n\n<p>Las autoridades, encabezadas por Tom\u00e1s Hern\u00e1ndez Osorio, Bonfilio Garc\u00eda Cruz y Fidel Antonio Osorio, aseguraron que en los \u00faltimos a\u00f1os han mantenido colaboraci\u00f3n para generar un mejor desarrollo de v\u00edas de comunicaci\u00f3n de la zona y el estado.<\/p>\n\n\n\n<p>Sin embargo, el gobierno de Oaxaca no ha respondido de la misma forma a sus demandas como pueblo, por lo que han decidido accionar hasta que se d\u00e9 soluci\u00f3n al conflicto agrario que padecen.&nbsp;<\/p>\n\n\n\n<p>Por lo anterior solicitaron la intervenci\u00f3n de las autoridades federales para dar soluci\u00f3n al conflicto agrario que, adem\u00e1s, aseguran presenta una serie de irregularidades en su procedimiento, de las que responsabilizan al Tribunal Unitario Agrario 21, con sede en Oaxaca.<\/p>\n\n\n\n<p>As\u00ed mismo, cancelar la autorizaci\u00f3n de la construcci\u00f3n de una brecha camino de terracer\u00eda, ubicado en el lugar denominado \u201cCerro del Sol y el Guayabo\u201d, en la zona de conflicto, y desde luego detener la tala de \u00e1rboles en la zona que constantemente realizan.<\/p>\n\n\n\n<p>Evitar incendios provocados por grupo armados de Villa Sola de Vega; sancionar a los agresores del comunero herido con arma de fuego, el pasado 28 de febrero; soluci\u00f3n al robo de ganado; integraci\u00f3n real de las carpetas de investigaci\u00f3n y castigo a los asesinos de 32 pobladores de San Vicente Coatl\u00e1n.&nbsp;&nbsp;<\/p>\n\n\n\n<p>FISCAL\u00cdA OMISA<\/p>\n\n\n\n<p>Al respecto, se\u00f1alaron a la Fiscal\u00eda General de Justicia del Estado de negligente y omisa, toda vez que se han interpuesto las denuncias correspondientes, tanto por las agresiones armadas como por la desaparici\u00f3n de un comunero, sin embargo, no hay avance en las investigaciones por parte de la instancia a cargo de Rub\u00e9n Vasconcelos.&nbsp;<\/p>\n\n\n\n<p>\u201cHemos solicitado la ayuda de todas las autoridades estatales y federales, ejerciendo nuestro derecho de petici\u00f3n, formal y escrito y no ha existido respuesta a nuestras peticiones, por ello nuestra poblaci\u00f3n que se sienten enga\u00f1ada por las autoridades estatales, de manera justificada por los reclamos y agresiones del cual somos objeto constantemente, hemos tomado la decisi\u00f3n para actuar en defensa de nuestro territorio\u201d, refieren.<\/p>\n\n\n\n<p>De ah\u00ed que hayan determinado el bloqueo carretero y con ello la suspensi\u00f3n de los trabajos de construcci\u00f3n de la autopista, que dicho sea de paso sigue siendo uno de los grandes compromisos pendientes por cumplir de la administraci\u00f3n de Alejandro Murat Hinojosa.&nbsp;<\/p>\n\n\n\n<p>Advirtieron que no retiraran la acci\u00f3n hasta que las autoridades federales escuchen y atiendas sus demandas, y anunciaron no realizaran mesas de dialogo con las autoridades estatales de Oaxaca, que s\u00f3lo han enga\u00f1ado al pueblo.&nbsp;<\/p>\n\n\n\n<p>Finalmente responsabilizaron a las autoridades y pobladores de Villa Sola de Vega de cualquier agresi\u00f3n que se pueda generar por la defensa de su territorio, y pidieron la intervenci\u00f3n de la Defensor\u00eda de los Derechos Humanos del Pueblo de Oaxaca (DDHPO) y de la Comisi\u00f3n Nacional de los Derechos Humanos (CNDH), para garantizar su vida e integridad.<\/p>\n","protected":false},"excerpt":{"rendered":"<p>Evlin Arag\u00f3n\/Zona Roja. Oaxaca de Ju\u00e1rez, Oax., 3 de marzo de 2021.- Autoridades comunales de&hellip;<\/p>\n","protected":false},"author":2,"featured_media":24286,"comment_status":"closed","ping_status":"open","sticky":false,"template":"","format":"standard","meta":{"_lmt_disableupdate":"","_lmt_disable":"","_jetpack_memberships_contains_paid_content":false,"footnotes":""},"categories":[109,47],"tags":[979],"class_list":["post-24285","post","type-post","status-publish","format-standard","has-post-thumbnail","hentry","category-minuto-a-minuto","category-zona-gris","tag-san-vicente-coatlan"],"jetpack_featured_media_url":"https:\/\/zonaroja.com.mx\/wp-content\/uploads\/2021\/03\/Obras-supercarretera-Coatlan.jpg","jetpack_sharing_enabled":true,"_links":{"self":[{"href":"https:\/\/zonaroja.com.mx\/index.php?rest_route=\/wp\/v2\/posts\/24285","targetHints":{"allow":["GET"]}}],"collection":[{"href":"https:\/\/zonaroja.com.mx\/index.php?rest_route=\/wp\/v2\/posts"}],"about":[{"href":"https:\/\/zonaroja.com.mx\/index.php?rest_route=\/wp\/v2\/types\/post"}],"author":[{"embeddable":true,"href":"https:\/\/zonaroja.com.mx\/index.php?rest_route=\/wp\/v2\/users\/2"}],"replies":[{"embeddable":true,"href":"https:\/\/zonaroja.com.mx\/index.php?rest_route=%2Fwp%2Fv2%2Fcomments&post=24285"}],"version-history":[{"count":1,"href":"https:\/\/zonaroja.com.mx\/index.php?rest_route=\/wp\/v2\/posts\/24285\/revisions"}],"predecessor-version":[{"id":24287,"href":"https:\/\/zonaroja.com.mx\/index.php?rest_route=\/wp\/v2\/posts\/24285\/revisions\/24287"}],"wp:featuredmedia":[{"embeddable":true,"href":"https:\/\/zonaroja.com.mx\/index.php?rest_route=\/wp\/v2\/media\/24286"}],"wp:attachment":[{"href":"https:\/\/zonaroja.com.mx\/index.php?rest_route=%2Fwp%2Fv2%2Fmedia&parent=24285"}],"wp:term":[{"taxonomy":"category","embeddable":true,"href":"https:\/\/zonaroja.com.mx\/index.php?rest_route=%2Fwp%2Fv2%2Fcategories&post=24285"},{"taxonomy":"post_tag","embeddable":true,"href":"https:\/\/zonaroja.com.mx\/index.php?rest_route=%2Fwp%2Fv2%2Ftags&post=24285"}],"curies":[{"name":"wp","href":"https:\/\/api.w.org\/{rel}","templated":true}]}}