{"id":24288,"date":"2021-03-03T21:47:50","date_gmt":"2021-03-04T03:47:50","guid":{"rendered":"http:\/\/www.zonaroja.com.mx\/?p=24288"},"modified":"2021-03-03T21:47:53","modified_gmt":"2021-03-04T03:47:53","slug":"ascienden-a-tres-las-victimas-mortales-del-incendio-de-vivienda-en-mazunte","status":"publish","type":"post","link":"https:\/\/zonaroja.com.mx\/?p=24288","title":{"rendered":"Ascienden a tres las v\u00edctimas mortales del incendio de vivienda en Mazunte"},"content":{"rendered":"\n<p>Yuridiana Sosa\/Zona Roja.<\/p>\n\n\n\n<p>Oaxaca de Ju\u00e1rez, Oax., 3 de marzo de 2021.- Luego de 12 d\u00edas de hospitalizaci\u00f3n y permanecer intubadas por complicaciones ante las graves quemaduras sufridas, fallecieron dos mujeres, v\u00edctimas de un incendio en su vivienda en Mazunte, Santa Mar\u00eda Tonameca.<\/p>\n\n\n\n<p>Las se\u00f1oras Teresa Carmona, de 59 a\u00f1os de edad, y Petrona L\u00f3pez, de 62 a\u00f1os, sufrieron severos da\u00f1os en su piel durante la explosi\u00f3n de un tanque de gas L.P. el pasado 17 de febrero.<\/p>\n\n\n\n<p>En el siniestro, otras cuatro personas resultaron heridas, la de mayor afectaci\u00f3n de forma inmediata por el incendio fue Griselda Vicente, de 18 a\u00f1os, quien muri\u00f3 el pasado 26 de febrero en el al Hospital General \u201cDr. Rub\u00e9n Le\u00f1ero\u201d, en la Ciudad de M\u00e9xico.<\/p>\n\n\n\n<p>De acuerdo con el periodista de la regi\u00f3n de la Costa, Omar Gasga, las mujeres fallecieron entre este martes y las primeras horas del mi\u00e9rcoles en el Hospital General de Pochutla, del que familiares demandaron por varios d\u00edas a los Servicios de Salud de Oaxaca (SSO) transferirlas a otro nosocomio de mayor nivel y especializado.<\/p>\n\n\n\n<p>Informaci\u00f3n obtenida por el periodista, indica que los SSO indicaron que el atraso para un traslado a otra unidad tambi\u00e9n se deb\u00eda a que las mujeres padec\u00edan de Covid-19.<\/p>\n\n\n\n<p>\u00abNos dicen que se sigue en b\u00fasqueda de hospitales que puedan recibir a las dem\u00e1s pacientes en Puebla, CDMX y Guadalajara. Las pacientes adem\u00e1s tienen Covid y eso ha demorado el traslado tambi\u00e9n\u00bb, respondi\u00f3 la autoridad sanitaria d\u00edas atr\u00e1s.<\/p>\n\n\n\n<p>Otra de las personas afectadas en el incendio fue una beb\u00e9 de 10 meses, hija de la joven que falleci\u00f3, quien fue atendida primero en el Hospital de la Ni\u00f1ez Oaxaque\u00f1a y ahora est\u00e1 en el Instituto Nacional de Rehabilitaci\u00f3n \u201cLuis Guillermo Ibarra Ibarra\u201d, de la Ciudad de M\u00e9xico.<\/p>\n\n\n\n<p>Mientras que en el Hospital General de Pochutla sigue hospitalizada Martha Yadira, de 39 a\u00f1os, y Edwin Jaciel, 20 a\u00f1os de edad. Sus familiares tambi\u00e9n demandan a los Servicios de Salud de Oaxaca su traslado para una mejor atenci\u00f3n.<\/p>\n","protected":false},"excerpt":{"rendered":"<p>Yuridiana Sosa\/Zona Roja. Oaxaca de Ju\u00e1rez, Oax., 3 de marzo de 2021.- Luego de 12&hellip;<\/p>\n","protected":false},"author":2,"featured_media":23832,"comment_status":"closed","ping_status":"open","sticky":false,"template":"","format":"standard","meta":{"_lmt_disableupdate":"","_lmt_disable":"","_jetpack_memberships_contains_paid_content":false,"footnotes":""},"categories":[109,47],"tags":[510],"class_list":["post-24288","post","type-post","status-publish","format-standard","has-post-thumbnail","hentry","category-minuto-a-minuto","category-zona-gris","tag-mazunte-tonameca"],"jetpack_featured_media_url":"https:\/\/zonaroja.com.mx\/wp-content\/uploads\/2021\/02\/Quemadas-Mazunte.jpeg","jetpack_sharing_enabled":true,"_links":{"self":[{"href":"https:\/\/zonaroja.com.mx\/index.php?rest_route=\/wp\/v2\/posts\/24288","targetHints":{"allow":["GET"]}}],"collection":[{"href":"https:\/\/zonaroja.com.mx\/index.php?rest_route=\/wp\/v2\/posts"}],"about":[{"href":"https:\/\/zonaroja.com.mx\/index.php?rest_route=\/wp\/v2\/types\/post"}],"author":[{"embeddable":true,"href":"https:\/\/zonaroja.com.mx\/index.php?rest_route=\/wp\/v2\/users\/2"}],"replies":[{"embeddable":true,"href":"https:\/\/zonaroja.com.mx\/index.php?rest_route=%2Fwp%2Fv2%2Fcomments&post=24288"}],"version-history":[{"count":1,"href":"https:\/\/zonaroja.com.mx\/index.php?rest_route=\/wp\/v2\/posts\/24288\/revisions"}],"predecessor-version":[{"id":24289,"href":"https:\/\/zonaroja.com.mx\/index.php?rest_route=\/wp\/v2\/posts\/24288\/revisions\/24289"}],"wp:featuredmedia":[{"embeddable":true,"href":"https:\/\/zonaroja.com.mx\/index.php?rest_route=\/wp\/v2\/media\/23832"}],"wp:attachment":[{"href":"https:\/\/zonaroja.com.mx\/index.php?rest_route=%2Fwp%2Fv2%2Fmedia&parent=24288"}],"wp:term":[{"taxonomy":"category","embeddable":true,"href":"https:\/\/zonaroja.com.mx\/index.php?rest_route=%2Fwp%2Fv2%2Fcategories&post=24288"},{"taxonomy":"post_tag","embeddable":true,"href":"https:\/\/zonaroja.com.mx\/index.php?rest_route=%2Fwp%2Fv2%2Ftags&post=24288"}],"curies":[{"name":"wp","href":"https:\/\/api.w.org\/{rel}","templated":true}]}}