{"id":24290,"date":"2021-03-03T22:03:04","date_gmt":"2021-03-04T04:03:04","guid":{"rendered":"http:\/\/www.zonaroja.com.mx\/?p=24290"},"modified":"2021-03-03T22:03:08","modified_gmt":"2021-03-04T04:03:08","slug":"pandemia-incesante-en-oaxaca-hoy-258-contagiados-y-11-decesos","status":"publish","type":"post","link":"https:\/\/zonaroja.com.mx\/?p=24290","title":{"rendered":"Pandemia incesante en Oaxaca: hoy 258 contagiados y 11 decesos"},"content":{"rendered":"\n<p>Redacci\u00f3n\/Zona Roja.<\/p>\n\n\n\n<p>Oaxaca de Ju\u00e1rez, Oax., 3 de marzo de 2021.- Los Servicios de Salud de Oaxaca (SSO), informan que este mi\u00e9rcoles hay 39 nuevos hospitalizados; as\u00ed como 17 hospitales al 100%, lo que representa el 60% de ocupaci\u00f3n hospitalaria general.<\/p>\n\n\n\n<p>En un comunicado, la instituci\u00f3n destac\u00f3 que se han registrado 258 casos nuevos de Covid-19, que suman 41 mil 045 y lamentablemente 11 decesos, que suman dos mil 953 defunciones acumuladas.<\/p>\n\n\n\n<p>Se han notificado 64 mil 396 casos, de los cuales 18 mil 721 han sido negativos, hay cuatro mil 630 sospechosos, 37 mil 140 se han recuperado y hay 952 activos.<\/p>\n\n\n\n<p>Mencion\u00f3 que la Jurisdicci\u00f3n de Valles Centrales contabiliza 28 mil 229 casos confirmados, mil 568 defunciones y 610 activos; Istmo tres mil 401 confirmados, 481 defunciones y 69 activos; Tuxtepec dos mil 582 confirmados, 314 defunciones y 129 activos; Mixteca tres mil 401 confirmados, 274 defunciones y 84 activos, Costa dos mil 15 confirmados, 196 defunciones y 39 activos, y la Sierra mil 417 confirmados, 120 defunciones y 21 activos.<\/p>\n\n\n\n<figure class=\"wp-block-embed-twitter wp-block-embed is-type-rich is-provider-twitter\"><div class=\"wp-block-embed__wrapper\">\n<div class=\"twitter-tweet\"><blockquote class=\"twitter-tweet\" data-lang=\"es\"><p lang=\"es\" dir=\"ltr\"><a href=\"https:\/\/twitter.com\/hashtag\/%C3%9AltimoMinuto?src=hash&amp;ref_src=twsrc%5Etfw\">#\u00daltimoMinuto<\/a><br>El Covid no cede en <a href=\"https:\/\/twitter.com\/hashtag\/Oaxaca?src=hash&amp;ref_src=twsrc%5Etfw\">#Oaxaca<\/a>: este mi\u00e9rcoles los servicios de Salud reportan 258 casos positivos, que dan un acumulado de 41 mil 45; adem\u00e1s, 11 fallecimientos, para un total de dos mil 953 decesos.<a href=\"https:\/\/twitter.com\/hashtag\/Qu%C3%A9dateEnCasaA%C3%BAn?src=hash&amp;ref_src=twsrc%5Etfw\">#Qu\u00e9dateEnCasaA\u00fan<\/a> <a href=\"https:\/\/t.co\/wB8lcuMVHQ\">pic.twitter.com\/wB8lcuMVHQ<\/a><\/p>&mdash; Zona Roja Oaxaca (@Zona_Roja_Oax) <a href=\"https:\/\/twitter.com\/Zona_Roja_Oax\/status\/1367305832069816320?ref_src=twsrc%5Etfw\">4 de marzo de 2021<\/a><\/blockquote><\/div>\n<\/div><\/figure>\n\n\n\n<p>Dijo que los 258 casos nuevos de Covid-19, se distribuyen en 59 municipios, de los cuales el que mayor n\u00famero presenta es Oaxaca de Ju\u00e1rez con 64, seguido de San Juan Bautista Tuxtepec con 20, Huajuapan de Le\u00f3n 19, Santa Cruz Xoxocotl\u00e1n 17, San Jacinto Amilpas y Santa Luc\u00eda del Camino nueve cada uno, el resto, ocho, siete, seis, cinco, cuatro, tres, dos y un caso.<\/p>\n\n\n\n<p>Finalmente record\u00f3 a la poblaci\u00f3n, el uso correcto del cubrebocas que abarque nariz y boca, aplicar la sana distancia y lavado de manos frecuentemente.<\/p>\n","protected":false},"excerpt":{"rendered":"<p>Redacci\u00f3n\/Zona Roja. Oaxaca de Ju\u00e1rez, Oax., 3 de marzo de 2021.- Los Servicios de Salud&hellip;<\/p>\n","protected":false},"author":2,"featured_media":24291,"comment_status":"closed","ping_status":"open","sticky":false,"template":"","format":"standard","meta":{"_lmt_disableupdate":"","_lmt_disable":"","_jetpack_memberships_contains_paid_content":false,"footnotes":""},"categories":[109,47],"tags":[1512],"class_list":["post-24290","post","type-post","status-publish","format-standard","has-post-thumbnail","hentry","category-minuto-a-minuto","category-zona-gris","tag-coronavirus-oaxaca"],"jetpack_featured_media_url":"https:\/\/zonaroja.com.mx\/wp-content\/uploads\/2021\/03\/SSO-2-2.jpeg","jetpack_sharing_enabled":true,"_links":{"self":[{"href":"https:\/\/zonaroja.com.mx\/index.php?rest_route=\/wp\/v2\/posts\/24290","targetHints":{"allow":["GET"]}}],"collection":[{"href":"https:\/\/zonaroja.com.mx\/index.php?rest_route=\/wp\/v2\/posts"}],"about":[{"href":"https:\/\/zonaroja.com.mx\/index.php?rest_route=\/wp\/v2\/types\/post"}],"author":[{"embeddable":true,"href":"https:\/\/zonaroja.com.mx\/index.php?rest_route=\/wp\/v2\/users\/2"}],"replies":[{"embeddable":true,"href":"https:\/\/zonaroja.com.mx\/index.php?rest_route=%2Fwp%2Fv2%2Fcomments&post=24290"}],"version-history":[{"count":1,"href":"https:\/\/zonaroja.com.mx\/index.php?rest_route=\/wp\/v2\/posts\/24290\/revisions"}],"predecessor-version":[{"id":24292,"href":"https:\/\/zonaroja.com.mx\/index.php?rest_route=\/wp\/v2\/posts\/24290\/revisions\/24292"}],"wp:featuredmedia":[{"embeddable":true,"href":"https:\/\/zonaroja.com.mx\/index.php?rest_route=\/wp\/v2\/media\/24291"}],"wp:attachment":[{"href":"https:\/\/zonaroja.com.mx\/index.php?rest_route=%2Fwp%2Fv2%2Fmedia&parent=24290"}],"wp:term":[{"taxonomy":"category","embeddable":true,"href":"https:\/\/zonaroja.com.mx\/index.php?rest_route=%2Fwp%2Fv2%2Fcategories&post=24290"},{"taxonomy":"post_tag","embeddable":true,"href":"https:\/\/zonaroja.com.mx\/index.php?rest_route=%2Fwp%2Fv2%2Ftags&post=24290"}],"curies":[{"name":"wp","href":"https:\/\/api.w.org\/{rel}","templated":true}]}}