{"id":24293,"date":"2021-03-04T07:37:54","date_gmt":"2021-03-04T13:37:54","guid":{"rendered":"http:\/\/www.zonaroja.com.mx\/?p=24293"},"modified":"2021-03-04T07:37:57","modified_gmt":"2021-03-04T13:37:57","slug":"matan-a-balazos-a-dos-personas-en-comunidad-mixteca-de-oaxaca","status":"publish","type":"post","link":"https:\/\/zonaroja.com.mx\/?p=24293","title":{"rendered":"Matan a balazos a dos personas en comunidad Mixteca de Oaxaca"},"content":{"rendered":"\n<p>Redacci\u00f3n\/Zona Roja.<\/p>\n\n\n\n<p>Oaxaca de Ju\u00e1rez, Oax., 4 de marzo de 2021.- Dos personas del sexo masculino fueron asesinadas ayer en Fresnillo de Trujano, municipio de la regi\u00f3n Mixteca de Oaxaca.<\/p>\n\n\n\n<p>De acuerdo con los primeros reportes policiacos, los hechos ocurrieron en el paraje \u201cTierra Blanca\u201d de la agencia Ciruelos de Guaponcingo, donde fueron localizados los cad\u00e1veres.<\/p>\n\n\n\n<p>Tras las primeras indagatorias, personal de la Vicefiscal\u00eda Regional de la Mixteca constat\u00f3 que ambos presentan disparos de arma de fuego en distintas partes del cuerpo.<\/p>\n\n\n\n<p>Sin embargo, hasta esta ma\u00f1ana las v\u00edctimas no hab\u00edan sido identificadas de manera legal ni se ten\u00edan indicios del o los probables autores del doble homicidio.<\/p>\n\n\n\n<p>S\u00f3lo se inform\u00f3 que cerca de los cuerpos se hall\u00f3 un coche marca Chevrolet, tipo Chevy, color blanco, con placas de circulaci\u00f3n MNL-3529 del Estado de M\u00e9xico.<\/p>\n","protected":false},"excerpt":{"rendered":"<p>Redacci\u00f3n\/Zona Roja. Oaxaca de Ju\u00e1rez, Oax., 4 de marzo de 2021.- Dos personas del sexo&hellip;<\/p>\n","protected":false},"author":2,"featured_media":1712,"comment_status":"closed","ping_status":"open","sticky":false,"template":"","format":"standard","meta":{"_lmt_disableupdate":"","_lmt_disable":"","_jetpack_memberships_contains_paid_content":false,"footnotes":""},"categories":[109,51],"tags":[2503],"class_list":["post-24293","post","type-post","status-publish","format-standard","has-post-thumbnail","hentry","category-minuto-a-minuto","category-zona-roja","tag-fresnillo-de-trujano"],"jetpack_featured_media_url":"https:\/\/zonaroja.com.mx\/wp-content\/uploads\/2019\/06\/54ec1937-ea43-4b06-a371-29cc9eb1d75e.jpg","jetpack_sharing_enabled":true,"_links":{"self":[{"href":"https:\/\/zonaroja.com.mx\/index.php?rest_route=\/wp\/v2\/posts\/24293","targetHints":{"allow":["GET"]}}],"collection":[{"href":"https:\/\/zonaroja.com.mx\/index.php?rest_route=\/wp\/v2\/posts"}],"about":[{"href":"https:\/\/zonaroja.com.mx\/index.php?rest_route=\/wp\/v2\/types\/post"}],"author":[{"embeddable":true,"href":"https:\/\/zonaroja.com.mx\/index.php?rest_route=\/wp\/v2\/users\/2"}],"replies":[{"embeddable":true,"href":"https:\/\/zonaroja.com.mx\/index.php?rest_route=%2Fwp%2Fv2%2Fcomments&post=24293"}],"version-history":[{"count":1,"href":"https:\/\/zonaroja.com.mx\/index.php?rest_route=\/wp\/v2\/posts\/24293\/revisions"}],"predecessor-version":[{"id":24294,"href":"https:\/\/zonaroja.com.mx\/index.php?rest_route=\/wp\/v2\/posts\/24293\/revisions\/24294"}],"wp:featuredmedia":[{"embeddable":true,"href":"https:\/\/zonaroja.com.mx\/index.php?rest_route=\/wp\/v2\/media\/1712"}],"wp:attachment":[{"href":"https:\/\/zonaroja.com.mx\/index.php?rest_route=%2Fwp%2Fv2%2Fmedia&parent=24293"}],"wp:term":[{"taxonomy":"category","embeddable":true,"href":"https:\/\/zonaroja.com.mx\/index.php?rest_route=%2Fwp%2Fv2%2Fcategories&post=24293"},{"taxonomy":"post_tag","embeddable":true,"href":"https:\/\/zonaroja.com.mx\/index.php?rest_route=%2Fwp%2Fv2%2Ftags&post=24293"}],"curies":[{"name":"wp","href":"https:\/\/api.w.org\/{rel}","templated":true}]}}