{"id":24295,"date":"2021-03-04T07:54:01","date_gmt":"2021-03-04T13:54:01","guid":{"rendered":"http:\/\/www.zonaroja.com.mx\/?p=24295"},"modified":"2021-03-04T07:54:07","modified_gmt":"2021-03-04T13:54:07","slug":"detiene-policia-estatal-a-presunta-narcomenudista-en-central-de-abasto","status":"publish","type":"post","link":"https:\/\/zonaroja.com.mx\/?p=24295","title":{"rendered":"Detiene Polic\u00eda Estatal a presunta narcomenudista en Central de Abasto"},"content":{"rendered":"\n<p>Redacci\u00f3n\/Zona Roja.<\/p>\n\n\n\n<p>Oaxaca de Ju\u00e1rez, Oax., 4 de marzo de 2021.- Personal de la Polic\u00eda Estatal detuvo ayer a una mujer presuntamente dedicada al narcomenudeo, en la Central de Abasto de la ciudad de Oaxaca.<\/p>\n\n\n\n<p>Se identific\u00f3 como Alejandra \u201cNN\u201d, misma que fue detenida por delitos contra la salud a la altura de la ex rampa de basura; adem\u00e1s ha sido presuntamente identificada como una de las principales narcomenudistas de la zona.<\/p>\n\n\n\n<p>De acuerdo con el reporte de la instituci\u00f3n policial, durante su detenci\u00f3n, le decomisaron un kilo 300 gramos de presunta hierba seca con caracter\u00edsticas propias de la marihuana, por lo que fue consignada a las autoridades competentes, mismas que determinar\u00e1n su situaci\u00f3n jur\u00eddica.<\/p>\n\n\n\n<p>Indic\u00f3 que a trav\u00e9s de sus corporaciones la Secretar\u00eda de Seguridad P\u00fablica de Oaxaca, en coordinaci\u00f3n con la Guardia Nacional (GN) y autoridades municipales contin\u00faan trabajando para disminuir la incidencia delictiva en beneficio de las y los oaxaque\u00f1os.<\/p>\n","protected":false},"excerpt":{"rendered":"<p>Redacci\u00f3n\/Zona Roja. Oaxaca de Ju\u00e1rez, Oax., 4 de marzo de 2021.- Personal de la Polic\u00eda&hellip;<\/p>\n","protected":false},"author":2,"featured_media":24296,"comment_status":"closed","ping_status":"open","sticky":false,"template":"","format":"standard","meta":{"_lmt_disableupdate":"","_lmt_disable":"","_jetpack_memberships_contains_paid_content":false,"footnotes":""},"categories":[109,46],"tags":[175],"class_list":["post-24295","post","type-post","status-publish","format-standard","has-post-thumbnail","hentry","category-minuto-a-minuto","category-zona-blanca","tag-secretaria-de-seguridad-publica-de-oaxaca"],"jetpack_featured_media_url":"https:\/\/zonaroja.com.mx\/wp-content\/uploads\/2021\/03\/Detenida-Mercado-de-Abasto.png","jetpack_sharing_enabled":true,"_links":{"self":[{"href":"https:\/\/zonaroja.com.mx\/index.php?rest_route=\/wp\/v2\/posts\/24295","targetHints":{"allow":["GET"]}}],"collection":[{"href":"https:\/\/zonaroja.com.mx\/index.php?rest_route=\/wp\/v2\/posts"}],"about":[{"href":"https:\/\/zonaroja.com.mx\/index.php?rest_route=\/wp\/v2\/types\/post"}],"author":[{"embeddable":true,"href":"https:\/\/zonaroja.com.mx\/index.php?rest_route=\/wp\/v2\/users\/2"}],"replies":[{"embeddable":true,"href":"https:\/\/zonaroja.com.mx\/index.php?rest_route=%2Fwp%2Fv2%2Fcomments&post=24295"}],"version-history":[{"count":1,"href":"https:\/\/zonaroja.com.mx\/index.php?rest_route=\/wp\/v2\/posts\/24295\/revisions"}],"predecessor-version":[{"id":24297,"href":"https:\/\/zonaroja.com.mx\/index.php?rest_route=\/wp\/v2\/posts\/24295\/revisions\/24297"}],"wp:featuredmedia":[{"embeddable":true,"href":"https:\/\/zonaroja.com.mx\/index.php?rest_route=\/wp\/v2\/media\/24296"}],"wp:attachment":[{"href":"https:\/\/zonaroja.com.mx\/index.php?rest_route=%2Fwp%2Fv2%2Fmedia&parent=24295"}],"wp:term":[{"taxonomy":"category","embeddable":true,"href":"https:\/\/zonaroja.com.mx\/index.php?rest_route=%2Fwp%2Fv2%2Fcategories&post=24295"},{"taxonomy":"post_tag","embeddable":true,"href":"https:\/\/zonaroja.com.mx\/index.php?rest_route=%2Fwp%2Fv2%2Ftags&post=24295"}],"curies":[{"name":"wp","href":"https:\/\/api.w.org\/{rel}","templated":true}]}}