{"id":24298,"date":"2021-03-04T08:00:25","date_gmt":"2021-03-04T14:00:25","guid":{"rendered":"http:\/\/www.zonaroja.com.mx\/?p=24298"},"modified":"2021-03-04T08:00:28","modified_gmt":"2021-03-04T14:00:28","slug":"mujeres-en-oaxaca-volveran-a-tomar-las-calles-por-justicia-y-alto-a-violencia","status":"publish","type":"post","link":"https:\/\/zonaroja.com.mx\/?p=24298","title":{"rendered":"Mujeres en Oaxaca volver\u00e1n a tomar las calles, por justicia y alto a violencia"},"content":{"rendered":"\n<p>Evlin Arag\u00f3n\/Zona Roja.<\/p>\n\n\n\n<p>Oaxaca de Ju\u00e1rez, Oax., 4 de marzo de 2021.- En el marco  del D\u00eda Internacional de la Mujer, que se conmemora el 8 de marzo, colectivos feministas y mujeres aut\u00f3nomas en Oaxaca han convocado a una marcha, para reivindicar sus derechos, que se llevar\u00e1 a cabo la tarde del domingo en punto de las tres de la tarde.\u00a0<\/p>\n\n\n\n<p>Con todo y la pandemia, las mujeres han decidido salir a las calles para hacer escuchar su voz debido a que, aseguran, la violencia en su contra no se detiene y por el contrario va en aumento, sin que alguna autoridad salvaguarde la vida de las mujeres.&nbsp;<\/p>\n\n\n\n<p>\u201cLa violencia hacia nosotras y nosotres, no se detiene. La pandemia ha sido el pretexto ideal de las autoridades para que sigan archivando expedientes, y nos sigan negando el acceso a la justicia y a la dignidad\u201d, refieren a trav\u00e9s de su p\u00e1gina de Facebook, las integrantes de Marea Verde Oaxaca.&nbsp;<\/p>\n\n\n\n<p>De acuerdo con las activistas, ha llegado el momento de retomar las calles y salir a gritar por los feminicidios que no cesan, las desapariciones de ni\u00f1as y j\u00f3venes que van al alza, las agresiones policiales permanente a quienes buscan ingresos econ\u00f3micos por la v\u00eda aut\u00f3noma, y para evidenciar la p\u00e9sima actuaci\u00f3n de las autoridades.&nbsp;<\/p>\n\n\n\n<p>\u201c\u00a1YA BASTA! Es momento de tomar las calles y salir a gritar por los feminicidios, transfeminicidios, desapariciones, agresiones policiales y omisiones de las autoridades\u201d, refieren.&nbsp;<\/p>\n\n\n\n<p>El punto de reuni\u00f3n es el parque Madero y la convocatoria es abierta para todas las mujeres, a quienes piden llevar instrumentos u objetos para hacer ruido; adem\u00e1s de gel, cubrebocas y\/o careta, para evitar exponerse a contagios masivos por Covid-19.<\/p>\n\n\n\n<p>\u201cInvitamos a todas y todes quienes se sientan convocadas. Trae tu digna rabia y cosas para hacer ruido: cacerolas, cubetas, botes, garrafones\u201d<\/p>\n\n\n\n<p>Como en otras ocasiones, la convocatoria es separatista y no se permitir\u00e1 la presencia de varones en el contingente. Adem\u00e1s, que advierten la presencia de periodistas hombres ser\u00e1 considera como un acto de provocaci\u00f3n.<\/p>\n\n\n\n<p>En la regi\u00f3n del Istmo de Tehuantepec, el Grupo de Mujeres \u00ab8 de Marzo\u00bb, tambi\u00e9n ha convocado a la movilizaci\u00f3n el pr\u00f3ximo domingo, en una acci\u00f3n que han denominado \u201cPor la vida y la libertad de las mujeres\u201d y en la cual exigir\u00e1n un alto a los feminicidios y la violencia machista.&nbsp;<\/p>\n\n\n\n<p>As\u00ed lo han expuesto en sus redes sociales donde han informado que el punto de reuni\u00f3n ser\u00e1 la Uni\u00f3n Ganadera Regional, en el municipio de Juchit\u00e1n de Zaragoza, desde donde saldr\u00e1n en punto de las 10:00 horas.&nbsp;<\/p>\n\n\n\n<p>Las organizadoras piden a las participantes llevar una prenda morada, as\u00ed como sus productos de higiene, indispensables ahora, cubrebocas, gel antibacterial; a la par que advierten ser\u00e1n respetuosas de la sana distancia.<\/p>\n\n\n\n<p>En la regi\u00f3n Mixteca, las integrantes de la Marea Verde tambi\u00e9n saldr\u00e1n a las calles, la tarde del lunes 8 de marzo, para realizar una marcha separatista del Hemiciclo a Ju\u00e1rez al Palacio Municipal de Huajuapan de Le\u00f3n.&nbsp;<\/p>\n\n\n\n<p>\u201cEl 8 de marzo regresamos a las calles, porque muchas nos vimos en la necesidad de pasar la cuarentena con nuestro agresor, porque la pandemia no detuvo los feminicidios y desapariciones de nuestras hermanas, porque la violencia hacia nosotras en la mixteca no se detiene. \u00a1Por todas nuestras hermanas volvemos a alzar la voz!\u201d.&nbsp;<\/p>\n\n\n\n<p>Al final de la actividad, instalaran un tendedero de denuncias, por lo que invitan a todas las mujeres exponer a sus agresores, al tiempo de recordarles que no est\u00e1n solas.&nbsp;<\/p>\n\n\n\n<p>Ese mismo lunes, mujeres adheridas al consejo Ind\u00edgena Popular de Oaxaca CIPO-RFM anunciaron una marcha con destino a la Casa Oficial de Gobierno, hasta donde llegar\u00e1n para exigir cumplimiento a su pliego de demandas, relacionadas principalmente con temas de obra social y justicia.&nbsp;<\/p>\n","protected":false},"excerpt":{"rendered":"<p>Evlin Arag\u00f3n\/Zona Roja. Oaxaca de Ju\u00e1rez, Oax., 4 de marzo de 2021.- En el marco&hellip;<\/p>\n","protected":false},"author":2,"featured_media":9366,"comment_status":"closed","ping_status":"open","sticky":false,"template":"","format":"standard","meta":{"_lmt_disableupdate":"","_lmt_disable":"","_jetpack_memberships_contains_paid_content":false,"footnotes":""},"categories":[109,46],"tags":[1472],"class_list":["post-24298","post","type-post","status-publish","format-standard","has-post-thumbnail","hentry","category-minuto-a-minuto","category-zona-blanca","tag-dia-internacional-de-la-mujer-en-oaxaca"],"jetpack_featured_media_url":"https:\/\/zonaroja.com.mx\/wp-content\/uploads\/2020\/03\/marcha-mujeres.jpg","jetpack_sharing_enabled":true,"_links":{"self":[{"href":"https:\/\/zonaroja.com.mx\/index.php?rest_route=\/wp\/v2\/posts\/24298","targetHints":{"allow":["GET"]}}],"collection":[{"href":"https:\/\/zonaroja.com.mx\/index.php?rest_route=\/wp\/v2\/posts"}],"about":[{"href":"https:\/\/zonaroja.com.mx\/index.php?rest_route=\/wp\/v2\/types\/post"}],"author":[{"embeddable":true,"href":"https:\/\/zonaroja.com.mx\/index.php?rest_route=\/wp\/v2\/users\/2"}],"replies":[{"embeddable":true,"href":"https:\/\/zonaroja.com.mx\/index.php?rest_route=%2Fwp%2Fv2%2Fcomments&post=24298"}],"version-history":[{"count":1,"href":"https:\/\/zonaroja.com.mx\/index.php?rest_route=\/wp\/v2\/posts\/24298\/revisions"}],"predecessor-version":[{"id":24299,"href":"https:\/\/zonaroja.com.mx\/index.php?rest_route=\/wp\/v2\/posts\/24298\/revisions\/24299"}],"wp:featuredmedia":[{"embeddable":true,"href":"https:\/\/zonaroja.com.mx\/index.php?rest_route=\/wp\/v2\/media\/9366"}],"wp:attachment":[{"href":"https:\/\/zonaroja.com.mx\/index.php?rest_route=%2Fwp%2Fv2%2Fmedia&parent=24298"}],"wp:term":[{"taxonomy":"category","embeddable":true,"href":"https:\/\/zonaroja.com.mx\/index.php?rest_route=%2Fwp%2Fv2%2Fcategories&post=24298"},{"taxonomy":"post_tag","embeddable":true,"href":"https:\/\/zonaroja.com.mx\/index.php?rest_route=%2Fwp%2Fv2%2Ftags&post=24298"}],"curies":[{"name":"wp","href":"https:\/\/api.w.org\/{rel}","templated":true}]}}