{"id":24305,"date":"2021-03-04T15:36:33","date_gmt":"2021-03-04T21:36:33","guid":{"rendered":"http:\/\/www.zonaroja.com.mx\/?p=24305"},"modified":"2021-03-04T15:41:59","modified_gmt":"2021-03-04T21:41:59","slug":"sin-atencion-de-sus-empresas-repartidores-en-moto-reanudan-protestas","status":"publish","type":"post","link":"https:\/\/zonaroja.com.mx\/?p=24305","title":{"rendered":"Sin atenci\u00f3n de sus empresas, repartidores en moto reanudan protestas"},"content":{"rendered":"\n<p>Evlin Arag\u00f3n\/Zona Roja.<\/p>\n\n\n\n<p>Oaxaca de Ju\u00e1rez, Oax., 4 de marzo de 2021.- Aunque en ocasiones anteriores repartidores de comida r\u00e1pida, que llevan a cabo su actividad en motocicletas, se hab\u00edan comprometido a no afectar a la poblaci\u00f3n con sus movilizaciones, la presunta falta de atenci\u00f3n por parte de las autoridades los orill\u00f3 a realizar bloqueos viales, este jueves al medio d\u00eda.&nbsp;<\/p>\n\n\n\n<p>A la fecha, seg\u00fan reconocieron, no han tenido ning\u00fan apoyo por parte de las empresas para las que trabajan, por lo cual han tenido que movilizarse. Asimismo, la aseguradora no les ha respondido adecuadamente, por lo cual se movilizaron.<\/p>\n\n\n\n<p>Fue la zona aleda\u00f1a al crucero vial de Cinco Se\u00f1ores la m\u00e1s afectada por los cortes carreteros que efectuaron por unos minutos, luego de que el gremio de repartidores acusara a las autoridades de no tomar en serio el esclarecimiento del percance automovil\u00edstico del pasado 27 de febrero, que involucr\u00f3 a elementos viales y dej\u00f3 heridos a dos de sus compa\u00f1eros.<\/p>\n\n\n\n<p>En conferencia de prensa, exigieron una mesa de di\u00e1logo con la presencia de los titulares de la Fiscal\u00eda General del Estado, la Fiscal\u00eda Especializada en Materia de Combate a la Corrupci\u00f3n, y de las secretarias de Seguridad P\u00fablica y de Gobierno, Rub\u00e9n Vasconcelos M\u00e9ndez, Jorge Emilio Iruegas \u00c1lvarez, Ernesto Salcedo Rosales y Francisco Garc\u00eda L\u00f3pez, respectivamente.\u00a0<\/p>\n\n\n\n<figure class=\"wp-block-embed-twitter wp-block-embed is-type-rich is-provider-twitter\"><div class=\"wp-block-embed__wrapper\">\n<div class=\"twitter-tweet\"><blockquote class=\"twitter-tweet\" data-lang=\"es\"><p lang=\"es\" dir=\"ltr\"><a href=\"https:\/\/twitter.com\/hashtag\/ENVIVO?src=hash&amp;ref_src=twsrc%5Etfw\">#ENVIVO<\/a> <br>Oaxaca de Ju\u00e1rez, Oax., 4 de marzo de 2021.- Repartidores de alimentos en motocicleta protestan por unos minutos en inmediaciones del crucero de Cinco Se\u00f1ores de la capital.<br>Aqu\u00ed la transmisi\u00f3n:<br>\ud83d\udc47<a href=\"https:\/\/t.co\/dTGijEn6g3\">https:\/\/t.co\/dTGijEn6g3<\/a> <a href=\"https:\/\/t.co\/VYfrbWl20j\">pic.twitter.com\/VYfrbWl20j<\/a><\/p>&mdash; Zona Roja Oaxaca (@Zona_Roja_Oax) <a href=\"https:\/\/twitter.com\/Zona_Roja_Oax\/status\/1367561482943139841?ref_src=twsrc%5Etfw\">4 de marzo de 2021<\/a><\/blockquote><\/div>\n<\/div><\/figure>\n\n\n\n<p>ATIENDEN INCONFORMIDAD<\/p>\n\n\n\n<p>Tras media hora, decidieron retirar sus bloqueos viales y dar una tregua a las autoridades para que estas entablaran una mesa de di\u00e1logo y negociaci\u00f3n, sin embargo, la manifestaci\u00f3n volvi\u00f3 con m\u00e1s fuerza, despu\u00e9s de las dos de la tarde, con otros minutos de bloqueo a vialidades en la misma zona.<\/p>\n\n\n\n<p>Por su parte la autoridad estatal dio a conocer que los elementos de la Polic\u00eda Vial Estatal presuntamente involucrados en los hechos, fueron separados de su cargo y que el conductor de la patrulla, A.V.R.,. est\u00e1 a disposici\u00f3n de la Fiscal\u00eda del Estado para las investigaciones y se inici\u00f3 en su contra la carpeta de investigaci\u00f3n 6675\/FVCE\/OAXACA\/2021.<\/p>\n\n\n\n<p>En un comunicado, explic\u00f3 que la SSPO a trav\u00e9s abri\u00f3 una carpeta de investigaci\u00f3n a los elementos involucrados conforme a derecho y se mantiene al pendiente del estado de salud de los lesionados, a fin de que cuenten con lo necesario para una pronta recuperaci\u00f3n.<\/p>\n\n\n\n<p>As\u00ed mismo, asegur\u00f3 que la aseguradora trabaja de manera coordinada para la debida y correcta atenci\u00f3n de los lesionados, con quienes dijo mantienen constante comunicaci\u00f3n, atendiendo de manera puntual la demanda de atenci\u00f3n que han solicitado los repartidores.&nbsp;<\/p>\n\n\n\n<p>Despu\u00e9s de las 15:00 horas y luego de una mesa de trabajo con mandos de la Secretar\u00eda de Seguridad P\u00fablica, decidieron retirar su protesta, en que la autoridad se comprometi\u00f3 a estar atenta a que la aseguradora cumpla con sus demandas.<\/p>\n","protected":false},"excerpt":{"rendered":"<p>Evlin Arag\u00f3n\/Zona Roja. Oaxaca de Ju\u00e1rez, Oax., 4 de marzo de 2021.- Aunque en ocasiones&hellip;<\/p>\n","protected":false},"author":2,"featured_media":24306,"comment_status":"closed","ping_status":"open","sticky":false,"template":"","format":"standard","meta":{"_lmt_disableupdate":"","_lmt_disable":"","_jetpack_memberships_contains_paid_content":false,"footnotes":""},"categories":[109,47],"tags":[2487],"class_list":["post-24305","post","type-post","status-publish","format-standard","has-post-thumbnail","hentry","category-minuto-a-minuto","category-zona-gris","tag-motociclistas-repartidores-oaxaca"],"jetpack_featured_media_url":"https:\/\/zonaroja.com.mx\/wp-content\/uploads\/2021\/03\/Protesta-repartidores-Oaxaca.jpg","jetpack_sharing_enabled":true,"_links":{"self":[{"href":"https:\/\/zonaroja.com.mx\/index.php?rest_route=\/wp\/v2\/posts\/24305","targetHints":{"allow":["GET"]}}],"collection":[{"href":"https:\/\/zonaroja.com.mx\/index.php?rest_route=\/wp\/v2\/posts"}],"about":[{"href":"https:\/\/zonaroja.com.mx\/index.php?rest_route=\/wp\/v2\/types\/post"}],"author":[{"embeddable":true,"href":"https:\/\/zonaroja.com.mx\/index.php?rest_route=\/wp\/v2\/users\/2"}],"replies":[{"embeddable":true,"href":"https:\/\/zonaroja.com.mx\/index.php?rest_route=%2Fwp%2Fv2%2Fcomments&post=24305"}],"version-history":[{"count":3,"href":"https:\/\/zonaroja.com.mx\/index.php?rest_route=\/wp\/v2\/posts\/24305\/revisions"}],"predecessor-version":[{"id":24309,"href":"https:\/\/zonaroja.com.mx\/index.php?rest_route=\/wp\/v2\/posts\/24305\/revisions\/24309"}],"wp:featuredmedia":[{"embeddable":true,"href":"https:\/\/zonaroja.com.mx\/index.php?rest_route=\/wp\/v2\/media\/24306"}],"wp:attachment":[{"href":"https:\/\/zonaroja.com.mx\/index.php?rest_route=%2Fwp%2Fv2%2Fmedia&parent=24305"}],"wp:term":[{"taxonomy":"category","embeddable":true,"href":"https:\/\/zonaroja.com.mx\/index.php?rest_route=%2Fwp%2Fv2%2Fcategories&post=24305"},{"taxonomy":"post_tag","embeddable":true,"href":"https:\/\/zonaroja.com.mx\/index.php?rest_route=%2Fwp%2Fv2%2Ftags&post=24305"}],"curies":[{"name":"wp","href":"https:\/\/api.w.org\/{rel}","templated":true}]}}