{"id":24323,"date":"2021-03-04T22:05:01","date_gmt":"2021-03-05T04:05:01","guid":{"rendered":"http:\/\/www.zonaroja.com.mx\/?p=24323"},"modified":"2021-03-04T22:05:06","modified_gmt":"2021-03-05T04:05:06","slug":"en-oaxaca-hospitalizan-a-36-personas-en-24-horas-por-covid","status":"publish","type":"post","link":"https:\/\/zonaroja.com.mx\/?p=24323","title":{"rendered":"En Oaxaca hospitalizan a 36 personas en 24 horas, por Covid"},"content":{"rendered":"\n<p>Redacci\u00f3n\/Zona Roja.<\/p>\n\n\n\n<p>Oaxaca de Ju\u00e1rez, Oax. 04 de marzo de 2021.- Los Servicios de Salud de Oaxaca (SSO) dieron a conocer que en las \u00faltimas 24 horas se hospitalizaron a 36 nuevos pacientes positivos a Covid-19, con lo que suman 342 personas internadas por presentar complicaciones por el SARS-CoV-2.<\/p>\n\n\n\n<p>Asimismo, en un comunicado la instituci\u00f3n dio a conocer que 14 nosocomios reportan el 100% de su capacidad para la atenci\u00f3n de la emergencia sanitaria.<\/p>\n\n\n\n<p>Durante el informe diario de la emergencia sanitaria, expuso que Oaxaca acumul\u00f3 al corte epidemiol\u00f3gico de este jueves, 41 mil 146 casos de la enfermedad y dos mil 960 defunciones, adem\u00e1s de 907 contagios activos y 37 mil 279 personas recuperadas.<\/p>\n\n\n\n<p>De igual forma, sostuvo que son 101 casos nuevos distribuidos en 35 municipios de la entidad, siendo los de mayor n\u00famero: Oaxaca de Ju\u00e1rez con 45, Santa Cruz Xoxocotl\u00e1n con siete, Santa Luc\u00eda del Camino con seis y San Sebasti\u00e1n Tutla con cinco.<\/p>\n\n\n\n<figure class=\"wp-block-embed-twitter wp-block-embed is-type-rich is-provider-twitter\"><div class=\"wp-block-embed__wrapper\">\n<div class=\"twitter-tweet\"><blockquote class=\"twitter-tweet\" data-lang=\"es\"><p lang=\"es\" dir=\"ltr\"><a href=\"https:\/\/twitter.com\/hashtag\/%C3%9AltimoMinuto?src=hash&amp;ref_src=twsrc%5Etfw\">#\u00daltimoMinuto<\/a> <br>Este jueves en <a href=\"https:\/\/twitter.com\/hashtag\/Oaxaca?src=hash&amp;ref_src=twsrc%5Etfw\">#Oaxaca<\/a>, los Servicios de Salud reportaron 101 casos positivos a Covid, para un acumulado de 41 mil 146 casos; adem\u00e1s, siete decesos, con lo que suman dos mil 960 fallecimientos a causa del virus. <a href=\"https:\/\/twitter.com\/hashtag\/Qu%C3%A9dateEnCasaYa?src=hash&amp;ref_src=twsrc%5Etfw\">#Qu\u00e9dateEnCasaYa<\/a> <a href=\"https:\/\/t.co\/DlXaHoikQ3\">pic.twitter.com\/DlXaHoikQ3<\/a><\/p>&mdash; Zona Roja Oaxaca (@Zona_Roja_Oax) <a href=\"https:\/\/twitter.com\/Zona_Roja_Oax\/status\/1367665707513573378?ref_src=twsrc%5Etfw\">5 de marzo de 2021<\/a><\/blockquote><\/div>\n<\/div><\/figure>\n\n\n\n<p>Refiri\u00f3 que la Jurisdicci\u00f3n Sanitaria de Valles Centrales contabiliza 28 mil 314 acumulados y mil 572 defunciones, Istmo tres mil 403 acumulados y 482 defunciones, Tuxtepec dos mil 584 acumulados y 314 defunciones, Costa dos mil 019 acumulados y 198 defunciones, Mixteca tres mil 404 acumulados y 274 defunciones, Sierra mil 422 acumulados y 120 defunciones.<\/p>\n\n\n\n<p>Convoc\u00f3 a la sociedad a continuar con las medidas de prevenci\u00f3n como: el uso del cubreboca, la sana distancia, el lavado frecuente de manos, ventilar los espacios cerrados, as\u00ed como evitar salidas y reuniones innecesarias.<\/p>\n","protected":false},"excerpt":{"rendered":"<p>Redacci\u00f3n\/Zona Roja. Oaxaca de Ju\u00e1rez, Oax. 04 de marzo de 2021.- Los Servicios de Salud&hellip;<\/p>\n","protected":false},"author":2,"featured_media":24324,"comment_status":"closed","ping_status":"open","sticky":false,"template":"","format":"standard","meta":{"_lmt_disableupdate":"","_lmt_disable":"","_jetpack_memberships_contains_paid_content":false,"footnotes":""},"categories":[109,47],"tags":[1512],"class_list":["post-24323","post","type-post","status-publish","format-standard","has-post-thumbnail","hentry","category-minuto-a-minuto","category-zona-gris","tag-coronavirus-oaxaca"],"jetpack_featured_media_url":"https:\/\/zonaroja.com.mx\/wp-content\/uploads\/2021\/03\/SSO-1-1.jpeg","jetpack_sharing_enabled":true,"_links":{"self":[{"href":"https:\/\/zonaroja.com.mx\/index.php?rest_route=\/wp\/v2\/posts\/24323","targetHints":{"allow":["GET"]}}],"collection":[{"href":"https:\/\/zonaroja.com.mx\/index.php?rest_route=\/wp\/v2\/posts"}],"about":[{"href":"https:\/\/zonaroja.com.mx\/index.php?rest_route=\/wp\/v2\/types\/post"}],"author":[{"embeddable":true,"href":"https:\/\/zonaroja.com.mx\/index.php?rest_route=\/wp\/v2\/users\/2"}],"replies":[{"embeddable":true,"href":"https:\/\/zonaroja.com.mx\/index.php?rest_route=%2Fwp%2Fv2%2Fcomments&post=24323"}],"version-history":[{"count":1,"href":"https:\/\/zonaroja.com.mx\/index.php?rest_route=\/wp\/v2\/posts\/24323\/revisions"}],"predecessor-version":[{"id":24325,"href":"https:\/\/zonaroja.com.mx\/index.php?rest_route=\/wp\/v2\/posts\/24323\/revisions\/24325"}],"wp:featuredmedia":[{"embeddable":true,"href":"https:\/\/zonaroja.com.mx\/index.php?rest_route=\/wp\/v2\/media\/24324"}],"wp:attachment":[{"href":"https:\/\/zonaroja.com.mx\/index.php?rest_route=%2Fwp%2Fv2%2Fmedia&parent=24323"}],"wp:term":[{"taxonomy":"category","embeddable":true,"href":"https:\/\/zonaroja.com.mx\/index.php?rest_route=%2Fwp%2Fv2%2Fcategories&post=24323"},{"taxonomy":"post_tag","embeddable":true,"href":"https:\/\/zonaroja.com.mx\/index.php?rest_route=%2Fwp%2Fv2%2Ftags&post=24323"}],"curies":[{"name":"wp","href":"https:\/\/api.w.org\/{rel}","templated":true}]}}