{"id":24326,"date":"2021-03-05T07:59:37","date_gmt":"2021-03-05T13:59:37","guid":{"rendered":"http:\/\/www.zonaroja.com.mx\/?p=24326"},"modified":"2021-03-05T07:59:40","modified_gmt":"2021-03-05T13:59:40","slug":"en-ilegalidad-nuevo-funcionario-de-los-sso-no-serian-validos-documentos-que-firme","status":"publish","type":"post","link":"https:\/\/zonaroja.com.mx\/?p=24326","title":{"rendered":"En ilegalidad nuevo funcionario de los SSO; no ser\u00edan v\u00e1lidos documentos que firme"},"content":{"rendered":"\n<p>Redacci\u00f3n\/Zona Roja.<\/p>\n\n\n\n<p>Oaxaca de Ju\u00e1rez, Oax., 5 de marzo de 2021.- El nuevo subsecretario de Administraci\u00f3n y Finanzas de los Servicios de Salud de Oaxaca (SSO), estar\u00eda en la ilegalidad, al tener una carrera profesional inconclusa y ostentarse como licenciado en derecho.<\/p>\n\n\n\n<p>Pero adem\u00e1s, de acuerdo con los especialistas, los documentos que firme Jaime Raymundo Z\u00e1rate Moreno, de manera interna o con las organizaciones sindicales, ser\u00edan inv\u00e1lidas al no contar con t\u00edtulo y c\u00e9dula profesional y signar como abogado.<\/p>\n\n\n\n<p>Adem\u00e1s, de acuerdo con especialistas, al estar violando la Ley de Profesiones, podr\u00eda ser sujeto de investigaciones por parte de autoridades ministeriales.<\/p>\n\n\n\n<p>Fue el pasado lunes de marzo en que el titular de los SSO, Juan Carlos M\u00e1rquez Heine, tom\u00f3 protesta a Jaime Raymundo Z\u00e1rate Moreno, como nuevo subsecretario de Administraci\u00f3n y Finanzas de los SSO.<\/p>\n\n\n\n<p>No obstante, de acuerdo con indagatorias en los registros de la Secretar\u00eda de Educaci\u00f3n P\u00fablica, no cuenta con c\u00e9dula ni t\u00edtulo profesional.<\/p>\n\n\n\n<p>Bajo esa condici\u00f3n se ha desempe\u00f1ado en distintas dependencias del Gobierno del Estado de Oaxaca, por lo cual ser\u00edan tambi\u00e9n inv\u00e1lidos los documentos que firm\u00f3, ostent\u00e1ndose como licenciado.<\/p>\n\n\n\n<p>Pese a su falta de credenciales, Z\u00e1rate Moreno se ha desempe\u00f1ado como Director de Presupuesto de la Secretar\u00eda de Finanzas en el gobierno de Alejandro Murat Hinojosa; Secretario T\u00e9cnico de la Secretar\u00eda de Finanzas en el sexenio de Gabino Cu\u00e9 Monteagudo.<\/p>\n\n\n\n<p>As\u00ed como Jefe de la Unidad Administrativa de la Comisi\u00f3n estatal de Vivienda (CEVI) y Director de Normatividad y Administraci\u00f3n del Fideicomiso para el Desarrollo Log\u00edstico del Estado de Oaxaca (FIDELO).<\/p>\n","protected":false},"excerpt":{"rendered":"<p>Redacci\u00f3n\/Zona Roja. Oaxaca de Ju\u00e1rez, Oax., 5 de marzo de 2021.- El nuevo subsecretario de&hellip;<\/p>\n","protected":false},"author":2,"featured_media":24221,"comment_status":"closed","ping_status":"open","sticky":false,"template":"","format":"standard","meta":{"_lmt_disableupdate":"","_lmt_disable":"","_jetpack_memberships_contains_paid_content":false,"footnotes":""},"categories":[109,47],"tags":[2504],"class_list":["post-24326","post","type-post","status-publish","format-standard","has-post-thumbnail","hentry","category-minuto-a-minuto","category-zona-gris","tag-jaime-raymundo-zarate-moreno"],"jetpack_featured_media_url":"https:\/\/zonaroja.com.mx\/wp-content\/uploads\/2021\/03\/Jose-Raymundo-Zarate-Moreno.jpg","jetpack_sharing_enabled":true,"_links":{"self":[{"href":"https:\/\/zonaroja.com.mx\/index.php?rest_route=\/wp\/v2\/posts\/24326","targetHints":{"allow":["GET"]}}],"collection":[{"href":"https:\/\/zonaroja.com.mx\/index.php?rest_route=\/wp\/v2\/posts"}],"about":[{"href":"https:\/\/zonaroja.com.mx\/index.php?rest_route=\/wp\/v2\/types\/post"}],"author":[{"embeddable":true,"href":"https:\/\/zonaroja.com.mx\/index.php?rest_route=\/wp\/v2\/users\/2"}],"replies":[{"embeddable":true,"href":"https:\/\/zonaroja.com.mx\/index.php?rest_route=%2Fwp%2Fv2%2Fcomments&post=24326"}],"version-history":[{"count":1,"href":"https:\/\/zonaroja.com.mx\/index.php?rest_route=\/wp\/v2\/posts\/24326\/revisions"}],"predecessor-version":[{"id":24327,"href":"https:\/\/zonaroja.com.mx\/index.php?rest_route=\/wp\/v2\/posts\/24326\/revisions\/24327"}],"wp:featuredmedia":[{"embeddable":true,"href":"https:\/\/zonaroja.com.mx\/index.php?rest_route=\/wp\/v2\/media\/24221"}],"wp:attachment":[{"href":"https:\/\/zonaroja.com.mx\/index.php?rest_route=%2Fwp%2Fv2%2Fmedia&parent=24326"}],"wp:term":[{"taxonomy":"category","embeddable":true,"href":"https:\/\/zonaroja.com.mx\/index.php?rest_route=%2Fwp%2Fv2%2Fcategories&post=24326"},{"taxonomy":"post_tag","embeddable":true,"href":"https:\/\/zonaroja.com.mx\/index.php?rest_route=%2Fwp%2Fv2%2Ftags&post=24326"}],"curies":[{"name":"wp","href":"https:\/\/api.w.org\/{rel}","templated":true}]}}