{"id":24331,"date":"2021-03-05T08:34:09","date_gmt":"2021-03-05T14:34:09","guid":{"rendered":"http:\/\/www.zonaroja.com.mx\/?p=24331"},"modified":"2021-03-05T08:34:12","modified_gmt":"2021-03-05T14:34:12","slug":"pide-morlan-licencia-a-diputacion-panista-va-por-alcaldia-capitalina","status":"publish","type":"post","link":"https:\/\/zonaroja.com.mx\/?p=24331","title":{"rendered":"Pide Morlan licencia a diputaci\u00f3n; panista va por alcald\u00eda capitalina"},"content":{"rendered":"\n<p>Redacci\u00f3n\/Zona Roja.<\/p>\n\n\n\n<p>Oaxaca de Ju\u00e1rez, Oax., 5 de marzo de 2021.- A una semana de su registro, Alejandra Garc\u00eda Morlan solicit\u00f3 licencia a la C\u00e1mara de Diputados federal para dedicar m\u00e1s tiempo a su precandidatura a la presidencia municipal de Oaxaca de Ju\u00e1rez por el Partido Acci\u00f3n Nacional.<\/p>\n\n\n\n<p>Con ello, confirma que a la fecha, pese a las determinaciones de los comit\u00e9s ejecutivos nacional y estatal, no ceder\u00e1 en su intenci\u00f3n de buscar la alcald\u00eda, bajo la figura de candidatura com\u00fan con el PRI y el PRD, adem\u00e1s de Acci\u00f3n Nacional.<\/p>\n\n\n\n<p>Hace ocho d\u00edas tambi\u00e9n, Javier Villaca\u00f1a Jim\u00e9nez, del PRI, registr\u00f3 su precandidatura por el PAN para la presidencia municipal.<\/p>\n\n\n\n<p>Acci\u00f3n Nacional ha reiterado que es la segunda fuerza pol\u00edtica en la ciudad de Oaxaca y deber\u00eda encabezar la candidatura.<\/p>\n\n\n\n<p>Por otra parte, otra panista tambi\u00e9n se inscribi\u00f3 como precandidata a la alcald\u00eda capitalina por el PAN.<\/p>\n\n\n\n<p>Se trata de Mirna L\u00f3pez Torres, actual regidora del ayuntamiento de Oaxaca de Ju\u00e1rez por Acci\u00f3n Nacional.<\/p>\n\n\n\n<p>En distintas conferencias de prensa este a\u00f1o, el comit\u00e9 municipal del Partido Acci\u00f3n Nacional ha remarcado que tiene suficientes aspirantes, tres de ellas mujeres, para competir por la alcald\u00eda capitalina y que debe encabezar la candidatura com\u00fan.<\/p>\n","protected":false},"excerpt":{"rendered":"<p>Redacci\u00f3n\/Zona Roja. Oaxaca de Ju\u00e1rez, Oax., 5 de marzo de 2021.- A una semana de&hellip;<\/p>\n","protected":false},"author":2,"featured_media":24332,"comment_status":"closed","ping_status":"open","sticky":false,"template":"","format":"standard","meta":{"_lmt_disableupdate":"","_lmt_disable":"","_jetpack_memberships_contains_paid_content":false,"footnotes":""},"categories":[109,46],"tags":[1734],"class_list":["post-24331","post","type-post","status-publish","format-standard","has-post-thumbnail","hentry","category-minuto-a-minuto","category-zona-blanca","tag-alejandra-garcia-morlan"],"jetpack_featured_media_url":"https:\/\/zonaroja.com.mx\/wp-content\/uploads\/2021\/03\/Alejandra-Garcia-Morlan-2.jpg","jetpack_sharing_enabled":true,"_links":{"self":[{"href":"https:\/\/zonaroja.com.mx\/index.php?rest_route=\/wp\/v2\/posts\/24331","targetHints":{"allow":["GET"]}}],"collection":[{"href":"https:\/\/zonaroja.com.mx\/index.php?rest_route=\/wp\/v2\/posts"}],"about":[{"href":"https:\/\/zonaroja.com.mx\/index.php?rest_route=\/wp\/v2\/types\/post"}],"author":[{"embeddable":true,"href":"https:\/\/zonaroja.com.mx\/index.php?rest_route=\/wp\/v2\/users\/2"}],"replies":[{"embeddable":true,"href":"https:\/\/zonaroja.com.mx\/index.php?rest_route=%2Fwp%2Fv2%2Fcomments&post=24331"}],"version-history":[{"count":1,"href":"https:\/\/zonaroja.com.mx\/index.php?rest_route=\/wp\/v2\/posts\/24331\/revisions"}],"predecessor-version":[{"id":24333,"href":"https:\/\/zonaroja.com.mx\/index.php?rest_route=\/wp\/v2\/posts\/24331\/revisions\/24333"}],"wp:featuredmedia":[{"embeddable":true,"href":"https:\/\/zonaroja.com.mx\/index.php?rest_route=\/wp\/v2\/media\/24332"}],"wp:attachment":[{"href":"https:\/\/zonaroja.com.mx\/index.php?rest_route=%2Fwp%2Fv2%2Fmedia&parent=24331"}],"wp:term":[{"taxonomy":"category","embeddable":true,"href":"https:\/\/zonaroja.com.mx\/index.php?rest_route=%2Fwp%2Fv2%2Fcategories&post=24331"},{"taxonomy":"post_tag","embeddable":true,"href":"https:\/\/zonaroja.com.mx\/index.php?rest_route=%2Fwp%2Fv2%2Ftags&post=24331"}],"curies":[{"name":"wp","href":"https:\/\/api.w.org\/{rel}","templated":true}]}}