{"id":24334,"date":"2021-03-05T08:38:40","date_gmt":"2021-03-05T14:38:40","guid":{"rendered":"http:\/\/www.zonaroja.com.mx\/?p=24334"},"modified":"2021-03-05T08:38:44","modified_gmt":"2021-03-05T14:38:44","slug":"en-jocotepec-preparan-baile-pese-a-pandemia-edil-murio-de-covid-en-agosto","status":"publish","type":"post","link":"https:\/\/zonaroja.com.mx\/?p=24334","title":{"rendered":"En Jocotepec, preparan baile pese a pandemia; edil muri\u00f3 de Covid en agosto"},"content":{"rendered":"\n<p>Yuridiana Sosa\/Zona Roja.<\/p>\n\n\n\n<p>San Juan Bautista Tuxtepec, Oax., 5 de marzo de 2021.- La comunidad de Montenegro del municipio de Santiago Jocotepec, en la regi\u00f3n de la Cuenca de Oaxaca, se alista para un baile popular a celebrarse el pr\u00f3ximo 25 de marzo, como parte de las fiestas patronales.<\/p>\n\n\n\n<p>La actividad se anuncia desde las bardas de la comunidad: \u201cJueves 25 de marzo en Montenegro, Jocotepec, ahora s\u00ed, Master Kumbia. 100 por ciento confirmado. Rodeo baile. Banda San Mateo. Usa crubrebocas\u201d.<\/p>\n\n\n\n<p>Por el incremento de casos en la entidad, as\u00ed como en la regi\u00f3n de la Cuenca, algunos habitantes tambi\u00e9n han denunciado en redes sociales su preocupaci\u00f3n por la celebraci\u00f3n patronal programada a realizarse del 24 al 26 de marzo.<\/p>\n\n\n\n<p>El 21 de agosto de 2020, el presidente municipal Pedro Esc\u00e1rcega falleci\u00f3 a consecuencia del covid-19, informaron en ese entonces las autoridades.<\/p>\n\n\n\n<p>De acuerdo a la Secretar\u00eda de Salud, este municipio suma al menos cuatro casos acumulados confirmados de Covid-19 y una defunci\u00f3n.<\/p>\n\n\n\n<p>Este baile programado se suma a una serie de hechos similares en la regi\u00f3n con motivo de festividades patronales, como ocurri\u00f3 en San Juan del R\u00edo, de Santiago Cho\u00e1pam; en San Juan Lalana y en San Felipe Usila.<\/p>\n","protected":false},"excerpt":{"rendered":"<p>Yuridiana Sosa\/Zona Roja. San Juan Bautista Tuxtepec, Oax., 5 de marzo de 2021.- La comunidad&hellip;<\/p>\n","protected":false},"author":2,"featured_media":24335,"comment_status":"closed","ping_status":"open","sticky":false,"template":"","format":"standard","meta":{"_lmt_disableupdate":"","_lmt_disable":"","_jetpack_memberships_contains_paid_content":false,"footnotes":""},"categories":[109,47],"tags":[2034],"class_list":["post-24334","post","type-post","status-publish","format-standard","has-post-thumbnail","hentry","category-minuto-a-minuto","category-zona-gris","tag-santiago-jocotepec"],"jetpack_featured_media_url":"https:\/\/zonaroja.com.mx\/wp-content\/uploads\/2021\/03\/Baile-Jocotepec.jpg","jetpack_sharing_enabled":true,"_links":{"self":[{"href":"https:\/\/zonaroja.com.mx\/index.php?rest_route=\/wp\/v2\/posts\/24334","targetHints":{"allow":["GET"]}}],"collection":[{"href":"https:\/\/zonaroja.com.mx\/index.php?rest_route=\/wp\/v2\/posts"}],"about":[{"href":"https:\/\/zonaroja.com.mx\/index.php?rest_route=\/wp\/v2\/types\/post"}],"author":[{"embeddable":true,"href":"https:\/\/zonaroja.com.mx\/index.php?rest_route=\/wp\/v2\/users\/2"}],"replies":[{"embeddable":true,"href":"https:\/\/zonaroja.com.mx\/index.php?rest_route=%2Fwp%2Fv2%2Fcomments&post=24334"}],"version-history":[{"count":1,"href":"https:\/\/zonaroja.com.mx\/index.php?rest_route=\/wp\/v2\/posts\/24334\/revisions"}],"predecessor-version":[{"id":24336,"href":"https:\/\/zonaroja.com.mx\/index.php?rest_route=\/wp\/v2\/posts\/24334\/revisions\/24336"}],"wp:featuredmedia":[{"embeddable":true,"href":"https:\/\/zonaroja.com.mx\/index.php?rest_route=\/wp\/v2\/media\/24335"}],"wp:attachment":[{"href":"https:\/\/zonaroja.com.mx\/index.php?rest_route=%2Fwp%2Fv2%2Fmedia&parent=24334"}],"wp:term":[{"taxonomy":"category","embeddable":true,"href":"https:\/\/zonaroja.com.mx\/index.php?rest_route=%2Fwp%2Fv2%2Fcategories&post=24334"},{"taxonomy":"post_tag","embeddable":true,"href":"https:\/\/zonaroja.com.mx\/index.php?rest_route=%2Fwp%2Fv2%2Ftags&post=24334"}],"curies":[{"name":"wp","href":"https:\/\/api.w.org\/{rel}","templated":true}]}}