{"id":24340,"date":"2021-03-05T11:25:46","date_gmt":"2021-03-05T17:25:46","guid":{"rendered":"https:\/\/www.zonaroja.com.mx\/?p=24340"},"modified":"2021-03-05T11:25:56","modified_gmt":"2021-03-05T17:25:56","slug":"rumbo-al-8m-registra-oaxaca-510-feminicidios-y-siguen-en-aumento","status":"publish","type":"post","link":"https:\/\/zonaroja.com.mx\/?p=24340","title":{"rendered":"Rumbo al 8M, registra Oaxaca 510 feminicidios y siguen en aumento"},"content":{"rendered":"\n<p class=\"MsoNormal\">Evlin Arag\u00f3n\/Zona Roja.<\/p>\n\n\n\n<p class=\"MsoNormal\">En v\u00edsperas de la conmemoraci\u00f3n del D\u00eda Internacional de la Mujer, el Grupo de Estudios sobre la Mujer \u201cRosario Castellanos\u201d (GES Mujer), dio a conocer que la cifra de feminicidios en la entidad, durante la administraci\u00f3n de Alejandro Murat, asciende a 510 casos. <\/p>\n\n\n\n<p class=\"MsoNormal\">Las regiones con m\u00e1s v\u00edctimas son Valles Centrales y el Istmo de Tehuantepec, que cargan a cuestas mas de un centenar de mujeres asesinadas de manera violenta, sin que las autoridades atiendan de manera contundente la problem\u00e1tica que ha sido denunciada en incontables ocasiones.  <\/p>\n\n\n\n<p class=\"MsoNormal\">Prueba de ello es que del total de casos, 295, m\u00e1s de la mitad, se han registrado pese a la declaratoria de Alerta de Violencia de G\u00e9nero en 40 municipio de la entidad, lo cual evidencia la deficiencia de las acciones implementadas en consecuencia por el gobierno de Oaxaca.  <\/p>\n\n\n\n<p class=\"MsoNormal\">En lo que va de este 2021, 15 mujeres han muerto debido a la violencia machista y feminicida, siendo la Costa la regi\u00f3n que lleva la delantera en el n\u00famero de casos por el momento, seguida de Valles Centrales e Istmo. <\/p>\n\n\n\n<p class=\"MsoNormal\">Una ama de casa, dos comerciantes, una estudiante y 11 mujeres m\u00e1s ,cuya ocupaci\u00f3n no se pudo determinar al momento del reporte de su asesinato, han visto enterrados sus sue\u00f1os, deseos y anhelos; mientras que sus familias han sido condenadas al duelo prematuro y el viacrucis ante las instancias encargadas de procurar justicia. <\/p>\n\n\n\n<p class=\"MsoNormal\">El propio hogar, sus comercios, la carretera, lotes bald\u00edos, barrancos, poblado lejanos y la v\u00eda p\u00fablica, son los lugares en lo que han sido encontrados los cuerpos sin vida de las mujeres, a las cuales en su mayor\u00eda les arrebataron la vida con impacto de balas, por estrangulamiento y a golpes.&nbsp;&nbsp;<\/p>\n\n\n\n<p class=\"MsoNormal\">El caso m\u00e1s reciente y que conmocion\u00f3 a la poblaci\u00f3n de Juchit\u00e1n de Zaragoza fue el de Carolina, quien muri\u00f3 luego de una golpiza que le propino su pareja sentimental, de nombre Antonio C. L. <\/p>\n\n\n\n<p class=\"MsoNormal\">La joven presentaba severas lesiones en la cabeza, as\u00ed como m\u00faltiples golpes internos y externos en diversas partes del cuerpo. Fue encontrada atada al interior de su domicilio y trasladada a un hospital donde, tras de 10 d\u00edas de lucha, finalmente falleci\u00f3 debido a las heridas que presentada.&nbsp;<\/p>\n\n\n\n<p class=\"MsoNormal\">El pr\u00f3ximo 7 y <a href=\"\/\/1\">8 de marzo<\/a> las mujeres saldr\u00e1n a las calles para exigir, dentro de otras cosas, un alto a la violencia de g\u00e9nero y feminicida, que literalmente las esta matando, ante la omisi\u00f3n por parte de las autoridades estatales, encabezadas por Alejandro Murat Hinojosa.   <\/p>\n","protected":false},"excerpt":{"rendered":"<p>Evlin Arag\u00f3n\/Zona Roja. En v\u00edsperas de la conmemoraci\u00f3n del D\u00eda Internacional de la Mujer, el&hellip;<\/p>\n","protected":false},"author":2,"featured_media":20106,"comment_status":"closed","ping_status":"open","sticky":false,"template":"","format":"standard","meta":{"_lmt_disableupdate":"","_lmt_disable":"","_jetpack_memberships_contains_paid_content":false,"footnotes":""},"categories":[109,47],"tags":[],"class_list":["post-24340","post","type-post","status-publish","format-standard","has-post-thumbnail","hentry","category-minuto-a-minuto","category-zona-gris"],"jetpack_featured_media_url":"https:\/\/zonaroja.com.mx\/wp-content\/uploads\/2020\/11\/Feminicidios-y-violencia-mujeres.jpg","jetpack_sharing_enabled":true,"_links":{"self":[{"href":"https:\/\/zonaroja.com.mx\/index.php?rest_route=\/wp\/v2\/posts\/24340","targetHints":{"allow":["GET"]}}],"collection":[{"href":"https:\/\/zonaroja.com.mx\/index.php?rest_route=\/wp\/v2\/posts"}],"about":[{"href":"https:\/\/zonaroja.com.mx\/index.php?rest_route=\/wp\/v2\/types\/post"}],"author":[{"embeddable":true,"href":"https:\/\/zonaroja.com.mx\/index.php?rest_route=\/wp\/v2\/users\/2"}],"replies":[{"embeddable":true,"href":"https:\/\/zonaroja.com.mx\/index.php?rest_route=%2Fwp%2Fv2%2Fcomments&post=24340"}],"version-history":[{"count":1,"href":"https:\/\/zonaroja.com.mx\/index.php?rest_route=\/wp\/v2\/posts\/24340\/revisions"}],"predecessor-version":[{"id":24341,"href":"https:\/\/zonaroja.com.mx\/index.php?rest_route=\/wp\/v2\/posts\/24340\/revisions\/24341"}],"wp:featuredmedia":[{"embeddable":true,"href":"https:\/\/zonaroja.com.mx\/index.php?rest_route=\/wp\/v2\/media\/20106"}],"wp:attachment":[{"href":"https:\/\/zonaroja.com.mx\/index.php?rest_route=%2Fwp%2Fv2%2Fmedia&parent=24340"}],"wp:term":[{"taxonomy":"category","embeddable":true,"href":"https:\/\/zonaroja.com.mx\/index.php?rest_route=%2Fwp%2Fv2%2Fcategories&post=24340"},{"taxonomy":"post_tag","embeddable":true,"href":"https:\/\/zonaroja.com.mx\/index.php?rest_route=%2Fwp%2Fv2%2Ftags&post=24340"}],"curies":[{"name":"wp","href":"https:\/\/api.w.org\/{rel}","templated":true}]}}