{"id":24345,"date":"2021-03-05T18:48:11","date_gmt":"2021-03-06T00:48:11","guid":{"rendered":"http:\/\/www.zonaroja.com.mx\/?p=24345"},"modified":"2021-03-05T18:48:14","modified_gmt":"2021-03-06T00:48:14","slug":"despedida-a-fiscal-espero-que-se-vayan-contigo-tus-ganas-de-proteger-a-los-asesinos","status":"publish","type":"post","link":"https:\/\/zonaroja.com.mx\/?p=24345","title":{"rendered":"Despedida a fiscal: \u201cEspero que se vayan contigo tus ganas de proteger a los asesinos\u201d"},"content":{"rendered":"\n<p>Evlin Arag\u00f3n\/Zona Roja.<\/p>\n\n\n\n<p>Oaxaca de Ju\u00e1rez, Oax., \u201cSe va Rub\u00e9n Vasconcelos M\u00e9ndez de la #Fiscal\u00edaOax dejando a #Oaxaca en total impunidad. No cumpli\u00f3 con su deber. Gracias por irte. Nos quedas a deber la #JusticiaParaSol #JusticiaParaTodas, espero que se vayan contigo tus ganas de proteger a los asesinos intelectuales y materiales de mi hija\u201d.&nbsp;<\/p>\n\n\n\n<p>Es la dura cr\u00edtica que hace la destacada periodista Soledad Jarqu\u00edn Edgar, luego de hacerse p\u00fablica la renuncia del fiscal general, Rub\u00e9n Vasconcelos M\u00e9ndez, a quien critic\u00f3 de no presentar avances en el caso del feminicidio de Mar\u00eda del Sol, asesinada hace m\u00e1s de dos a\u00f1os.&nbsp;<\/p>\n\n\n\n<p>Han sido incontables las ocasiones las que Jarqu\u00edn Edgar ha denunciado la omisi\u00f3n de la Fiscal\u00eda y la complicidad de sus funcionarios, incluido quien hasta hace unas horas se desempe\u00f1aba como fiscal, con los asesinos de su hija, por lo que asegur\u00f3 Rub\u00e9n Vasconcelos no cumpli\u00f3 ni como persona ni como funcionario.<\/p>\n\n\n\n<p>\u201cNo cumpli\u00f3 con su deber ni como persona ni como funcionario. Marcador: 0 Justicia 1000 Impunidad. Gracias por irte\u201d, refiri\u00f3 la periodista.&nbsp;<\/p>\n\n\n\n<p>A las cr\u00edticas por los pendientes en materia de justicia que deja Rub\u00e9n Vasconcelos se une Mar\u00eda Elena R\u00edos Ortiz, quien fue atacada con \u00e1cido por el ex diputado local Juan Vera, a quien asegura las autoridades han protegido debido a sus nexos pol\u00edticos.\u00a0<\/p>\n\n\n\n<figure class=\"wp-block-embed-twitter wp-block-embed is-type-rich is-provider-twitter\"><div class=\"wp-block-embed__wrapper\">\n<div class=\"twitter-tweet\"><blockquote class=\"twitter-tweet\" data-lang=\"es\"><p lang=\"es\" dir=\"ltr\">El d\u00eda de hoy he presentado al <a href=\"https:\/\/twitter.com\/CongresoOaxLXIV?ref_src=twsrc%5Etfw\">@CongresoOaxLXIV<\/a> mi renuncia al cargo de Fiscal General del Estado de Oaxaca. <a href=\"https:\/\/t.co\/9jmjqCqvCw\">pic.twitter.com\/9jmjqCqvCw<\/a><\/p>&mdash; Rub\u00e9n Vasconcelos (@RVasconcelosM) <a href=\"https:\/\/twitter.com\/RVasconcelosM\/status\/1367950147523506178?ref_src=twsrc%5Etfw\">5 de marzo de 2021<\/a><\/blockquote><\/div>\n<\/div><\/figure>\n\n\n\n<p>\u201c@RVasconcelosM renunci\u00f3 sin resultados que honran el cargo y antes del #8M. La @FISCALIA_GobOAx no se queda hu\u00e9rfana con su partida. Conf\u00edo que la\/el nuevx #fiscal S\u00ed podr\u00e1 hacer lo que usted no quiso o no tuvo capacidad en mi caso y en el de miles de oaxaque\u00f1as\u201d, dijo la joven.<\/p>\n\n\n\n<p>La saxofonista reclam\u00f3 la falta de justicia para ella y miles de oaxaque\u00f1as que han sido abandonadas por las autoridades que parad\u00f3jicamente tendr\u00edan que hacer de todo para garantizarle una vida libre de violencia como lo mandatan las leyes locales, nacionales e internacionales.&nbsp;<\/p>\n\n\n\n<p>El colectivo Feministas Oaxaca tambi\u00e9n le dedic\u00f3 unas l\u00edneas al ahora ex fiscal, a quien se\u00f1al\u00f3 de estar m\u00e1s preocupado por su imagen que por la procuraci\u00f3n de justicia, prueba de ello es que nunca se sent\u00f3 con las madres de hijas v\u00edctimas de feminicidios y desaparecidas, tema que adem\u00e1s minimizo en todo momento al asegurar que todo marchaba bien.<\/p>\n\n\n\n<p>As\u00ed mismo, le reprocharon no tomar en serio las desapariciones, cada vez m\u00e1s contantes, de mujeres j\u00f3venes; adem\u00e1s de encabezar una instituci\u00f3n que jam\u00e1s estuvo del lado de las v\u00edctimas y por el contrario revictimiz\u00f3, cuestion\u00f3 y hasta culp\u00f3 a las mujeres que se atrevieron a denunciar.&nbsp;<\/p>\n\n\n\n<p>\u201cQue jam\u00e1s tengas un minuto de paz, que todos los d\u00edas tengas presente lo ruin de tu persona. Que en tus noches no puedas dormir y que no puedas estar tranquilo nunca. Que cargues en toda tu existencia los nombres de las mujeres asesinadas porque eres C\u00d3MPLICE al dejar libre a sus feminicidas. Rub\u00e9n Vasconcelos M\u00e9ndez a donde vayas te repudiamos \u00a1NOSOTRAS NO OLVIDAMOS!\u201d, sentenciaron.&nbsp;<\/p>\n\n\n\n<p>Fue la tarde de este viernes que, mediante sus redes sociales, Vasconcelos M\u00e9ndez dio a conocer su renuncia, la cual hizo de manera oficial con un documento dirigido al diputado Arsenio Lorenzo Mej\u00eda Garc\u00eda, en su calidad de presidente de la Mesa Directiva de la 64 Legislatura del Congreso del Estado.<\/p>\n\n\n\n<p>\u201cHa sido un honor servir durante estos a\u00f1os a Oaxaca con responsabilidad, honestidad y profesionalismo, contribuyendo as\u00ed a la consolidaci\u00f3n del sistema de justicia y el Estado de Derecho en nuestra entidad\u201d, asegur\u00f3.&nbsp;<\/p>\n\n\n\n<p>Asumi\u00f3 el cargo tras la elecci\u00f3n en una terna simulada, el 12 de mayo de 2017, pero su cargo se distingui\u00f3 siempre por la impunidad y el constante reclamo de justicia por parte de distintos sectores sociales.<\/p>\n\n\n\n<p>De acuerdo con fuentes internas, al ahora ex fiscal le prometieron un cargo de representaci\u00f3n popular por la v\u00eda plurinominal.<\/p>\n","protected":false},"excerpt":{"rendered":"<p>Evlin Arag\u00f3n\/Zona Roja. Oaxaca de Ju\u00e1rez, Oax., \u201cSe va Rub\u00e9n Vasconcelos M\u00e9ndez de la #Fiscal\u00edaOax&hellip;<\/p>\n","protected":false},"author":2,"featured_media":17887,"comment_status":"closed","ping_status":"open","sticky":false,"template":"","format":"standard","meta":{"_lmt_disableupdate":"","_lmt_disable":"","_jetpack_memberships_contains_paid_content":false,"footnotes":""},"categories":[109,47],"tags":[170],"class_list":["post-24345","post","type-post","status-publish","format-standard","has-post-thumbnail","hentry","category-minuto-a-minuto","category-zona-gris","tag-ruben-vasconcelos-mendez"],"jetpack_featured_media_url":"https:\/\/zonaroja.com.mx\/wp-content\/uploads\/2020\/09\/Renuncia-Ruben-Vasconcelos.jpg","jetpack_sharing_enabled":true,"_links":{"self":[{"href":"https:\/\/zonaroja.com.mx\/index.php?rest_route=\/wp\/v2\/posts\/24345","targetHints":{"allow":["GET"]}}],"collection":[{"href":"https:\/\/zonaroja.com.mx\/index.php?rest_route=\/wp\/v2\/posts"}],"about":[{"href":"https:\/\/zonaroja.com.mx\/index.php?rest_route=\/wp\/v2\/types\/post"}],"author":[{"embeddable":true,"href":"https:\/\/zonaroja.com.mx\/index.php?rest_route=\/wp\/v2\/users\/2"}],"replies":[{"embeddable":true,"href":"https:\/\/zonaroja.com.mx\/index.php?rest_route=%2Fwp%2Fv2%2Fcomments&post=24345"}],"version-history":[{"count":1,"href":"https:\/\/zonaroja.com.mx\/index.php?rest_route=\/wp\/v2\/posts\/24345\/revisions"}],"predecessor-version":[{"id":24346,"href":"https:\/\/zonaroja.com.mx\/index.php?rest_route=\/wp\/v2\/posts\/24345\/revisions\/24346"}],"wp:featuredmedia":[{"embeddable":true,"href":"https:\/\/zonaroja.com.mx\/index.php?rest_route=\/wp\/v2\/media\/17887"}],"wp:attachment":[{"href":"https:\/\/zonaroja.com.mx\/index.php?rest_route=%2Fwp%2Fv2%2Fmedia&parent=24345"}],"wp:term":[{"taxonomy":"category","embeddable":true,"href":"https:\/\/zonaroja.com.mx\/index.php?rest_route=%2Fwp%2Fv2%2Fcategories&post=24345"},{"taxonomy":"post_tag","embeddable":true,"href":"https:\/\/zonaroja.com.mx\/index.php?rest_route=%2Fwp%2Fv2%2Ftags&post=24345"}],"curies":[{"name":"wp","href":"https:\/\/api.w.org\/{rel}","templated":true}]}}