{"id":24350,"date":"2021-03-05T21:54:33","date_gmt":"2021-03-06T03:54:33","guid":{"rendered":"http:\/\/www.zonaroja.com.mx\/?p=24350"},"modified":"2021-03-05T21:54:36","modified_gmt":"2021-03-06T03:54:36","slug":"por-aspiraciones-politicas-renuncian-cinco-funcionarios-del-gobierno-de-oaxaca","status":"publish","type":"post","link":"https:\/\/zonaroja.com.mx\/?p=24350","title":{"rendered":"Por aspiraciones pol\u00edticas, renuncian cinco funcionarios del gobierno de Oaxaca"},"content":{"rendered":"\n<p>Redacci\u00f3n\/Zona Roja.<\/p>\n\n\n\n<p>Oaxaca de Ju\u00e1rez, Oax. 5 de marzo de 2021.- En busca de cargos de representaci\u00f3n popular, este viernes presentaron su renuncia cinco funcionarios del gobierno de Oaxaca, dos de ellos en secretar\u00edas de Estado.<\/p>\n\n\n\n<p>Se trata de Mariana Erandi Nassar Pi\u00f1eyro, quien hasta hoy fungi\u00f3 como titular de la Secretar\u00eda de Movilidad (Semovi), y de Eufrosina Cruz Mendoza, quien encabezaba la Secretar\u00eda de los Pueblos Ind\u00edgenas y Afromexicano (Sepia).<\/p>\n\n\n\n<p>Adem\u00e1s, de acuerdo con un comunicado de prensa, Christian Hern\u00e1ndez Fuentes, de la Direcci\u00f3n General del Registro Civil; Francisco \u00c1ngel Maldonado Mart\u00ednez, del Instituto de Capacitaci\u00f3n y Productividad para el Trabajo; y Jos\u00e9 Antonio Hern\u00e1ndez Fraguas, de la Coordinaci\u00f3n General de Enlace Federal del Gobierno del Estado.<\/p>\n\n\n\n<p>Para dar continuidad a las acciones y programas de cada una de estas dependencias, el Gobernador del Estado design\u00f3 como encargados de despacho a: Arturo Eleazar L\u00f3pez Sorroza, en Semovi; Sotero Santiago Dom\u00ednguez, en Sepia.<\/p>\n\n\n\n<p>A Juan Gabriel Rodr\u00edguez Matus en la Direcci\u00f3n General del Registro Civil; a Javier Mendoza Arrocha, en Icapet; y a Jorge El\u00edas Teher\u00e1n Fern\u00e1ndez, en la Coordinaci\u00f3n General de Enlace Federal del Gobierno del Estado.<\/p>\n","protected":false},"excerpt":{"rendered":"<p>Redacci\u00f3n\/Zona Roja. Oaxaca de Ju\u00e1rez, Oax. 5 de marzo de 2021.- En busca de cargos&hellip;<\/p>\n","protected":false},"author":2,"featured_media":7665,"comment_status":"closed","ping_status":"open","sticky":false,"template":"","format":"standard","meta":{"_lmt_disableupdate":"","_lmt_disable":"","_jetpack_memberships_contains_paid_content":false,"footnotes":""},"categories":[109,47],"tags":[2389],"class_list":["post-24350","post","type-post","status-publish","format-standard","has-post-thumbnail","hentry","category-minuto-a-minuto","category-zona-gris","tag-renuncia-de-funcionarios-del-gobierno-de-oaxaca"],"jetpack_featured_media_url":"https:\/\/zonaroja.com.mx\/wp-content\/uploads\/2020\/01\/Palacio-de-Gobierno-Oaxaca.jpg","jetpack_sharing_enabled":true,"_links":{"self":[{"href":"https:\/\/zonaroja.com.mx\/index.php?rest_route=\/wp\/v2\/posts\/24350","targetHints":{"allow":["GET"]}}],"collection":[{"href":"https:\/\/zonaroja.com.mx\/index.php?rest_route=\/wp\/v2\/posts"}],"about":[{"href":"https:\/\/zonaroja.com.mx\/index.php?rest_route=\/wp\/v2\/types\/post"}],"author":[{"embeddable":true,"href":"https:\/\/zonaroja.com.mx\/index.php?rest_route=\/wp\/v2\/users\/2"}],"replies":[{"embeddable":true,"href":"https:\/\/zonaroja.com.mx\/index.php?rest_route=%2Fwp%2Fv2%2Fcomments&post=24350"}],"version-history":[{"count":1,"href":"https:\/\/zonaroja.com.mx\/index.php?rest_route=\/wp\/v2\/posts\/24350\/revisions"}],"predecessor-version":[{"id":24351,"href":"https:\/\/zonaroja.com.mx\/index.php?rest_route=\/wp\/v2\/posts\/24350\/revisions\/24351"}],"wp:featuredmedia":[{"embeddable":true,"href":"https:\/\/zonaroja.com.mx\/index.php?rest_route=\/wp\/v2\/media\/7665"}],"wp:attachment":[{"href":"https:\/\/zonaroja.com.mx\/index.php?rest_route=%2Fwp%2Fv2%2Fmedia&parent=24350"}],"wp:term":[{"taxonomy":"category","embeddable":true,"href":"https:\/\/zonaroja.com.mx\/index.php?rest_route=%2Fwp%2Fv2%2Fcategories&post=24350"},{"taxonomy":"post_tag","embeddable":true,"href":"https:\/\/zonaroja.com.mx\/index.php?rest_route=%2Fwp%2Fv2%2Ftags&post=24350"}],"curies":[{"name":"wp","href":"https:\/\/api.w.org\/{rel}","templated":true}]}}