{"id":24357,"date":"2021-03-06T08:07:50","date_gmt":"2021-03-06T14:07:50","guid":{"rendered":"http:\/\/www.zonaroja.com.mx\/?p=24357"},"modified":"2021-03-06T08:07:54","modified_gmt":"2021-03-06T14:07:54","slug":"anuncia-colectivo-tuxfem-marcha-por-el-dia-de-la-mujer-exige-justicia","status":"publish","type":"post","link":"https:\/\/zonaroja.com.mx\/?p=24357","title":{"rendered":"Anuncia Colectivo Tuxfem marcha por el D\u00eda de la Mujer; exige justicia"},"content":{"rendered":"\n<p>Yuridiana Sosa\/Zona Roja.<\/p>\n\n\n\n<p>San Juan Bautista Tuxtepec, Oax., 6 de marzo de 2021.- Para exigir justicia por desapariciones, feminicidios y falta de perspectiva de g\u00e9nero en las dependencias, el Colectivo Tuxfem marchar\u00e1 el pr\u00f3ximo 8 de marzo, D\u00eda Internacional de la Mujer, en la ciudad de Tuxtepec.<\/p>\n\n\n\n<p>El grupo de mujeres convoca a otras tuxtepecanas y familias de v\u00edctimas de agresiones para salir a las calles y alzar la voz por aquellas que han sido v\u00edctimas de feminicidios o de desaparici\u00f3n.<\/p>\n\n\n\n<p>\u201cNo nos olvidamos de Itzel, de F\u00e1tima, de Isis y por supuesto no nos olvidamos de Cassandra\u201d, destacaron en su mensaje.<\/p>\n\n\n\n<p>En el caso de Itzel y F\u00e1tima, desaparecidas desde abril y marzo de 2020, mientras que Isis y Casandra, asesinadas ese mismo a\u00f1o.<\/p>\n\n\n\n<p>La marcha est\u00e1 programada para desarrollarse por la tarde en las principales calles de Tuxtepec, con salida en la glorieta de Flor de Pi\u00f1a en el bulevar Benito Ju\u00e1rez y avenida Cinco de Mayo, con destino al Mirador, en avenida Independencia.<\/p>\n\n\n\n<p>\u201cExijamos al gobierno estatal y municipal mejores medidas para llevar seguimiento a las denuncias de acoso y violencia de g\u00e9nero en nuestra ciudad y en todo Oaxaca\u201d, expres\u00f3 en su convocatoria el Colectivo en referencia a la falta de atenci\u00f3n de la Fiscal\u00eda General de Oaxaca, en la Cuenca, y de instancias municipales a las mujeres v\u00edctimas de violencia.<\/p>\n","protected":false},"excerpt":{"rendered":"<p>Yuridiana Sosa\/Zona Roja. San Juan Bautista Tuxtepec, Oax., 6 de marzo de 2021.- Para exigir&hellip;<\/p>\n","protected":false},"author":2,"featured_media":24358,"comment_status":"closed","ping_status":"open","sticky":false,"template":"","format":"standard","meta":{"_lmt_disableupdate":"","_lmt_disable":"","_jetpack_memberships_contains_paid_content":false,"footnotes":""},"categories":[109,47],"tags":[1472],"class_list":["post-24357","post","type-post","status-publish","format-standard","has-post-thumbnail","hentry","category-minuto-a-minuto","category-zona-gris","tag-dia-internacional-de-la-mujer-en-oaxaca"],"jetpack_featured_media_url":"https:\/\/zonaroja.com.mx\/wp-content\/uploads\/2021\/03\/Protesta-feminista-Tuxtepec.jpg","jetpack_sharing_enabled":true,"_links":{"self":[{"href":"https:\/\/zonaroja.com.mx\/index.php?rest_route=\/wp\/v2\/posts\/24357","targetHints":{"allow":["GET"]}}],"collection":[{"href":"https:\/\/zonaroja.com.mx\/index.php?rest_route=\/wp\/v2\/posts"}],"about":[{"href":"https:\/\/zonaroja.com.mx\/index.php?rest_route=\/wp\/v2\/types\/post"}],"author":[{"embeddable":true,"href":"https:\/\/zonaroja.com.mx\/index.php?rest_route=\/wp\/v2\/users\/2"}],"replies":[{"embeddable":true,"href":"https:\/\/zonaroja.com.mx\/index.php?rest_route=%2Fwp%2Fv2%2Fcomments&post=24357"}],"version-history":[{"count":1,"href":"https:\/\/zonaroja.com.mx\/index.php?rest_route=\/wp\/v2\/posts\/24357\/revisions"}],"predecessor-version":[{"id":24359,"href":"https:\/\/zonaroja.com.mx\/index.php?rest_route=\/wp\/v2\/posts\/24357\/revisions\/24359"}],"wp:featuredmedia":[{"embeddable":true,"href":"https:\/\/zonaroja.com.mx\/index.php?rest_route=\/wp\/v2\/media\/24358"}],"wp:attachment":[{"href":"https:\/\/zonaroja.com.mx\/index.php?rest_route=%2Fwp%2Fv2%2Fmedia&parent=24357"}],"wp:term":[{"taxonomy":"category","embeddable":true,"href":"https:\/\/zonaroja.com.mx\/index.php?rest_route=%2Fwp%2Fv2%2Fcategories&post=24357"},{"taxonomy":"post_tag","embeddable":true,"href":"https:\/\/zonaroja.com.mx\/index.php?rest_route=%2Fwp%2Fv2%2Ftags&post=24357"}],"curies":[{"name":"wp","href":"https:\/\/api.w.org\/{rel}","templated":true}]}}