{"id":24364,"date":"2021-03-06T08:18:27","date_gmt":"2021-03-06T14:18:27","guid":{"rendered":"http:\/\/www.zonaroja.com.mx\/?p=24364"},"modified":"2021-03-06T08:18:30","modified_gmt":"2021-03-06T14:18:30","slug":"mantiene-poder-judicial-atencion-a-la-sociedad-con-innovacion-tecnologica","status":"publish","type":"post","link":"https:\/\/zonaroja.com.mx\/?p=24364","title":{"rendered":"Mantiene Poder Judicial atenci\u00f3n a la sociedad, con innovaci\u00f3n tecnol\u00f3gica"},"content":{"rendered":"\n<p>Redacci\u00f3n\/Zona Roja.<\/p>\n\n\n\n<p>Oaxaca de Ju\u00e1rez, Oax., 6 de marzo de 2021.- La pandemia por el Covid-19 origin\u00f3 que en el Tribunal Superior de Justicia y el Consejo de la Judicatura se adaptaran a las nuevas condiciones y migraran al Tribunal Virtual, adem\u00e1s de que de manera gradual han sido reincorporadas las actuaciones en las materias civil, mercantil, familiar y penal, por la prioridad que representan para las personas que tienen alg\u00fan asunto en los juzgados.<\/p>\n\n\n\n<p>As\u00ed lo se\u00f1al\u00f3 el titular del Poder Judicial del Estado, magistrado Eduardo Pinacho S\u00e1nchez, quien con el tema \u201cAvances y proyectos en la impartici\u00f3n de justicia en Oaxaca\u201d, particip\u00f3 en el inicio de la segunda temporada del programa de televisi\u00f3n del Poder Judicial \u201cSon mis derechos\u201d, una producci\u00f3n en suma de esfuerzos con la Corporaci\u00f3n Oaxaque\u00f1a de Radio y Televisi\u00f3n (CORTV), bajo la conducci\u00f3n del maestro Jorge L\u00f3pez Reyes.<\/p>\n\n\n\n<p>Inform\u00f3 que esta instituci\u00f3n ha adoptado la tecnolog\u00eda disponible dentro del marco legal, para incorporar servicios innovadores y hacer m\u00e1s eficiente la atenci\u00f3n que se brinda a la ciudadan\u00eda; muestra de ello son las m\u00e1s de 11 mil demandas y 36 mil 150 promociones recibidas en el periodo de contingencia sanitaria, a trav\u00e9s una agenda electr\u00f3nica.<\/p>\n\n\n\n<p>En lo que corresponde al sistema penal acusatorio, puntualiz\u00f3 que se han llevado a cabo alrededor de dos mil 335 audiencias, en su mayor\u00eda a trav\u00e9s de videoconferencias entre las que destacan temas de violencia contra grupos vulnerables que ameritan ser atendidos, garantizando la salud de las partes intervinientes, as\u00ed como de los servidores judiciales.<\/p>\n\n\n\n<p>Mencion\u00f3 que ya se encuentran inscritos al Registro \u00danico de Notificaci\u00f3n Electr\u00f3nica (RUNE), m\u00e1s de cuatro mil 50 abogados y abogadas de todo el estado, lo que ha permitido la atenci\u00f3n y agilizaci\u00f3n de procesos judiciales en diferentes materias, a trav\u00e9s de este que es uno de los proyectos tecnol\u00f3gicos desarrollados por el Poder Judicial del Estado para cumplir la funci\u00f3n que tiene encomendada y adaptarse a la nueva realidad.<\/p>\n\n\n\n<p>En otro aspecto, se\u00f1al\u00f3 que con el objetivo de brindar a las y los servidores p\u00fablicos judiciales espacios dignos que contribuyan al \u00f3ptimo desarrollo de sus funciones, el Poder Judicial del Estado fortalece su infraestructura con la puesta en marcha de los Centros de Justicia, as\u00ed como del nuevo edificio de la Escuela Judicial que se encuentra en proceso de construcci\u00f3n.<\/p>\n\n\n\n<p>La emisi\u00f3n puede verse completa en el canal de YouTube de la CORTV y a trav\u00e9s del enlace https:\/\/www.youtube.com\/watch?v=-tDRLjsH3Ho. \u201cSon mis derechos\u201d, se transmitir\u00e1 los d\u00edas jueves, de manera quincenal, de 18:00 a 19:00 horas por el canal 9.1 de televisi\u00f3n abierta, con repeticiones s\u00e1bado a las 18:00 horas; adem\u00e1s se puede seguir por las redes sociales de la CORTV y el Tribunal Superior de Justicia en Facebook @TSJOAX y twitter @tsjoaxaca.<\/p>\n","protected":false},"excerpt":{"rendered":"<p>Redacci\u00f3n\/Zona Roja. Oaxaca de Ju\u00e1rez, Oax., 6 de marzo de 2021.- La pandemia por el&hellip;<\/p>\n","protected":false},"author":2,"featured_media":24365,"comment_status":"closed","ping_status":"open","sticky":false,"template":"","format":"standard","meta":{"_lmt_disableupdate":"","_lmt_disable":"","_jetpack_memberships_contains_paid_content":false,"footnotes":""},"categories":[109,46],"tags":[2506],"class_list":["post-24364","post","type-post","status-publish","format-standard","has-post-thumbnail","hentry","category-minuto-a-minuto","category-zona-blanca","tag-poder-judicial-de"],"jetpack_featured_media_url":"https:\/\/zonaroja.com.mx\/wp-content\/uploads\/2021\/03\/1-El-magistrado-Eduardo-Pinacho-Sanchez-hizo-un-balance-de-los-logros-en-el-Poder-Judicial.jpg","jetpack_sharing_enabled":true,"_links":{"self":[{"href":"https:\/\/zonaroja.com.mx\/index.php?rest_route=\/wp\/v2\/posts\/24364","targetHints":{"allow":["GET"]}}],"collection":[{"href":"https:\/\/zonaroja.com.mx\/index.php?rest_route=\/wp\/v2\/posts"}],"about":[{"href":"https:\/\/zonaroja.com.mx\/index.php?rest_route=\/wp\/v2\/types\/post"}],"author":[{"embeddable":true,"href":"https:\/\/zonaroja.com.mx\/index.php?rest_route=\/wp\/v2\/users\/2"}],"replies":[{"embeddable":true,"href":"https:\/\/zonaroja.com.mx\/index.php?rest_route=%2Fwp%2Fv2%2Fcomments&post=24364"}],"version-history":[{"count":1,"href":"https:\/\/zonaroja.com.mx\/index.php?rest_route=\/wp\/v2\/posts\/24364\/revisions"}],"predecessor-version":[{"id":24366,"href":"https:\/\/zonaroja.com.mx\/index.php?rest_route=\/wp\/v2\/posts\/24364\/revisions\/24366"}],"wp:featuredmedia":[{"embeddable":true,"href":"https:\/\/zonaroja.com.mx\/index.php?rest_route=\/wp\/v2\/media\/24365"}],"wp:attachment":[{"href":"https:\/\/zonaroja.com.mx\/index.php?rest_route=%2Fwp%2Fv2%2Fmedia&parent=24364"}],"wp:term":[{"taxonomy":"category","embeddable":true,"href":"https:\/\/zonaroja.com.mx\/index.php?rest_route=%2Fwp%2Fv2%2Fcategories&post=24364"},{"taxonomy":"post_tag","embeddable":true,"href":"https:\/\/zonaroja.com.mx\/index.php?rest_route=%2Fwp%2Fv2%2Ftags&post=24364"}],"curies":[{"name":"wp","href":"https:\/\/api.w.org\/{rel}","templated":true}]}}