{"id":24370,"date":"2021-03-06T12:34:49","date_gmt":"2021-03-06T18:34:49","guid":{"rendered":"http:\/\/www.zonaroja.com.mx\/?p=24370"},"modified":"2021-03-06T12:34:53","modified_gmt":"2021-03-06T18:34:53","slug":"german-y-asi-quieres-ser-gobernador-retiran-con-violencia-protesta-de-burocratas","status":"publish","type":"post","link":"https:\/\/zonaroja.com.mx\/?p=24370","title":{"rendered":"\u201c\u00a1Germ\u00e1n, y as\u00ed quieres ser gobernador!\u201d; retiran con violencia protesta de bur\u00f3cratas"},"content":{"rendered":"\n<p>Yuridiana Sosa\/Zona Roja.<\/p>\n\n\n\n<p>Oaxaca de Ju\u00e1rez, Oax., 6 de marzo de 2021.- Un grupo de \u201cporros\u201d presuntamente contratados por la dirigencia del sindicato de bur\u00f3cratas que encabeza Juan Ignacio Cruz Villavicencio, agredi\u00f3 con gas lacrim\u00f3geno y golpes a bur\u00f3cratas, en su mayor\u00eda mujeres, que se manifestaban en la sede de una asamblea del Comit\u00e9 Ejecutivo.<\/p>\n\n\n\n<p>\u201c\u00a1Germ\u00e1n (Espinosa), y as\u00ed quieres ser gobernador!\u201d, \u201c\u00a1La base unida, jam\u00e1s ser\u00e1 unida!\u201d, \u201c\u00a1Comit\u00e9, entiende, la base no se vende!\u201d, fueron parte de las consignas de los identificados como \u201cFuerza Negra\u201d al interior del gremio.<\/p>\n\n\n\n<p>Los hechos se registraron la ma\u00f1ana del s\u00e1bado sobre la calle \u00c1rboles en Santa Luc\u00eda del Camino, a fuera de un sal\u00f3n de eventos sociales donde la dirigencia estatal del Sindicato de Trabajadores de los Poderes del Estado e Instituciones Descentralizadas de Car\u00e1cter Estatal de Oaxaca (STESPEIDCEO) se reuni\u00f3 para organizar el pliego de demandas 2021.<\/p>\n\n\n\n<p>El grupo de bur\u00f3cratas de las distintas dependencias del estado arrib\u00f3 al lugar, antes del comienzo de la reuni\u00f3n, en protesta por una \u201cimposici\u00f3n de negociaci\u00f3n\u201d y una r\u00e1pida convocatoria para que las delegaciones entregaran sus peticiones para el pliego de este a\u00f1o.<\/p>\n\n\n\n<p>Los inconformes representados por los delegados Francisco Ortiz V\u00e1squez, Mirta Cruz Cruz, Isabel D\u00edaz y Alex Araujo, manifestaron que esta actividad ya no es competencia del actual Comit\u00e9 Ejecutivo, pues en abril acaba su mandato, por lo que exigen que cumpla con la organizaci\u00f3n de la pr\u00f3xima elecci\u00f3n de cambio de dirigencia.<\/p>\n\n\n\n<figure class=\"wp-block-embed-twitter wp-block-embed is-type-rich is-provider-twitter\"><div class=\"wp-block-embed__wrapper\">\n<div class=\"twitter-tweet\"><blockquote class=\"twitter-tweet\" data-lang=\"es\"><p lang=\"es\" dir=\"ltr\"><a href=\"https:\/\/twitter.com\/hashtag\/%C3%9AltimoMinuto?src=hash&amp;ref_src=twsrc%5Etfw\">#\u00daltimoMinuto<\/a> <br>Los bur\u00f3cratas lesionados y afectados por la agresi\u00f3n, presuntamente enviados por el comit\u00e9 del <a href=\"https:\/\/twitter.com\/STPEIDCEO18_21?ref_src=twsrc%5Etfw\">@STPEIDCEO18_21<\/a>, presentan denuncia ante la <a href=\"https:\/\/twitter.com\/FISCALIA_GobOax?ref_src=twsrc%5Etfw\">@FISCALIA_GobOax<\/a>. <br>En estas im\u00e1genes se presentan denuncias de los golpeadores. <a href=\"https:\/\/t.co\/b0kXQsK9yf\">pic.twitter.com\/b0kXQsK9yf<\/a><\/p>&mdash; Zona Roja Oaxaca (@Zona_Roja_Oax) <a href=\"https:\/\/twitter.com\/Zona_Roja_Oax\/status\/1368261477337997321?ref_src=twsrc%5Etfw\">6 de marzo de 2021<\/a><\/blockquote><\/div>\n<\/div><\/figure>\n\n\n\n<p>Tambi\u00e9n reclamaron que hasta ahora la dirigencia no ha ofrecido informes de las cuotas sindicales, principalmente de los recursos ejercido en el 2020, debido a que por la pandemia decenas de actividades se suspendieron, por lo exigen conocer el destino de las cuotas.<\/p>\n\n\n\n<p>Minutos despu\u00e9s, un grupo de supuestos \u201cporros\u201d, y trabajadores que respaldan a Cruz Villavicencio, trataron de desactivar la protesta en uno de los accesos alternos al sal\u00f3n.<\/p>\n\n\n\n<p>El grupo de \u201cchoque\u201d se acerc\u00f3 a los manifestantes y los desplazaron a empujones; los afectados refirieron que hubo golpes a pesar que en su mayor\u00eda eran mujeres las que encabezaban el bloque de la protesta.<\/p>\n\n\n\n<p>Ante la resistencia de los bur\u00f3cratas, los agresores rociaron gas lacrim\u00f3geno para replegar a los inconformes, y posteriormente se colocaron en vaya proteger el acceso al sal\u00f3n.<\/p>\n\n\n\n<p>Desde hace varios meses los bur\u00f3cratas se han manifestado contra el dirigente Juan Ignacio Cruz, quien ha actuado contra los derechos e integridad laboral de la base sindical, se\u00f1alan. Los atacantes fueron denunciados formalmente por los trabajadores del gobierno.<\/p>\n\n\n\n<figure class=\"wp-block-embed-twitter wp-block-embed is-type-rich is-provider-twitter\"><div class=\"wp-block-embed__wrapper\">\n<div class=\"twitter-tweet\"><blockquote class=\"twitter-tweet\" data-lang=\"es\"><p lang=\"es\" dir=\"ltr\"><a href=\"https:\/\/twitter.com\/hashtag\/ENVIVO?src=hash&amp;ref_src=twsrc%5Etfw\">#ENVIVO<\/a> <br>Santa Luc\u00eda del Camino, Oax., 6 de marzo de 2021.- Protesta de trabajadores sindicalizados del gobierno de Oaxaca en contra de su comit\u00e9 ejecutivo por la realizaci\u00f3n de una asamblea de delegados del <a href=\"https:\/\/twitter.com\/STPEIDCEO18_21?ref_src=twsrc%5Etfw\">@STPEIDCEO18_21<\/a>.<br>Aqu\u00ed la transmisi\u00f3n:<br>\ud83d\udc47<a href=\"https:\/\/t.co\/0TDU2tuksT\">https:\/\/t.co\/0TDU2tuksT<\/a> <a href=\"https:\/\/t.co\/DeK8cJamFl\">pic.twitter.com\/DeK8cJamFl<\/a><\/p>&mdash; Zona Roja Oaxaca (@Zona_Roja_Oax) <a href=\"https:\/\/twitter.com\/Zona_Roja_Oax\/status\/1368216348489363460?ref_src=twsrc%5Etfw\">6 de marzo de 2021<\/a><\/blockquote><\/div>\n<\/div><\/figure>\n","protected":false},"excerpt":{"rendered":"<p>Yuridiana Sosa\/Zona Roja. Oaxaca de Ju\u00e1rez, Oax., 6 de marzo de 2021.- Un grupo de&hellip;<\/p>\n","protected":false},"author":2,"featured_media":24371,"comment_status":"closed","ping_status":"open","sticky":false,"template":"","format":"standard","meta":{"_lmt_disableupdate":"","_lmt_disable":"","_jetpack_memberships_contains_paid_content":false,"footnotes":""},"categories":[109,47],"tags":[1781],"class_list":["post-24370","post","type-post","status-publish","format-standard","has-post-thumbnail","hentry","category-minuto-a-minuto","category-zona-gris","tag-sindicato-de-trabajadores-al-servicio-de-los-poderes-del-estado"],"jetpack_featured_media_url":"https:\/\/zonaroja.com.mx\/wp-content\/uploads\/2021\/03\/Protesta-burocratas-Oaxaca.jpg","jetpack_sharing_enabled":true,"_links":{"self":[{"href":"https:\/\/zonaroja.com.mx\/index.php?rest_route=\/wp\/v2\/posts\/24370","targetHints":{"allow":["GET"]}}],"collection":[{"href":"https:\/\/zonaroja.com.mx\/index.php?rest_route=\/wp\/v2\/posts"}],"about":[{"href":"https:\/\/zonaroja.com.mx\/index.php?rest_route=\/wp\/v2\/types\/post"}],"author":[{"embeddable":true,"href":"https:\/\/zonaroja.com.mx\/index.php?rest_route=\/wp\/v2\/users\/2"}],"replies":[{"embeddable":true,"href":"https:\/\/zonaroja.com.mx\/index.php?rest_route=%2Fwp%2Fv2%2Fcomments&post=24370"}],"version-history":[{"count":1,"href":"https:\/\/zonaroja.com.mx\/index.php?rest_route=\/wp\/v2\/posts\/24370\/revisions"}],"predecessor-version":[{"id":24372,"href":"https:\/\/zonaroja.com.mx\/index.php?rest_route=\/wp\/v2\/posts\/24370\/revisions\/24372"}],"wp:featuredmedia":[{"embeddable":true,"href":"https:\/\/zonaroja.com.mx\/index.php?rest_route=\/wp\/v2\/media\/24371"}],"wp:attachment":[{"href":"https:\/\/zonaroja.com.mx\/index.php?rest_route=%2Fwp%2Fv2%2Fmedia&parent=24370"}],"wp:term":[{"taxonomy":"category","embeddable":true,"href":"https:\/\/zonaroja.com.mx\/index.php?rest_route=%2Fwp%2Fv2%2Fcategories&post=24370"},{"taxonomy":"post_tag","embeddable":true,"href":"https:\/\/zonaroja.com.mx\/index.php?rest_route=%2Fwp%2Fv2%2Ftags&post=24370"}],"curies":[{"name":"wp","href":"https:\/\/api.w.org\/{rel}","templated":true}]}}